{"id":273713,"date":"2025-07-25T21:31:32","date_gmt":"2025-07-25T21:31:32","guid":{"rendered":"https:\/\/www.europesays.com\/fr\/273713\/"},"modified":"2025-07-25T21:31:32","modified_gmt":"2025-07-25T21:31:32","slug":"analia-moreno-lance-les-pauses-litteraires-a-aiguillon","status":"publish","type":"post","link":"https:\/\/www.europesays.com\/fr\/273713\/","title":{"rendered":"Analia Mor\u00e9no lance \u00ab\u00a0Les Pauses Litt\u00e9raires\u00a0\u00bb \u00e0 Aiguillon"},"content":{"rendered":"<p>D\u00e9voreuse de romans, Analia Mor\u00e9no, Aiguillonnaise de 33\u00a0ans, poste r\u00e9guli\u00e8rement sur Instagram des chroniques sur son compte personnel\u00a0: <a href=\"https:\/\/www.instagram.com\/les.lectures.d.analia\/\" target=\"_blank\" rel=\"nofollow noopener\">@les.lectures.d.analia<\/a> gr\u00e2ce \u00e0 des services presse ou ses lectures personnelles. \u00c2g\u00e9e de 33\u00a0ans, en couple avec Nicolas, carrossier, m\u00e8re d\u2019Adam \u00e2g\u00e9 de 6\u00a0ans et demi, Analia, titulaire d\u2019un baccalaur\u00e9at professionnel en secr\u00e9tariat est fonctionnaire territorial \u00e0 temps partag\u00e9, dans les mairies de Bazens et Lusignan-Petit.<\/p>\n<p>\u00ab\u00a0C\u2019\u00e9tait pour moi une \u00e9vidence de poursuivre ma passion pour la lecture en proposant des retraites, s\u00e9jours litt\u00e9raires pour rassembler les amoureux des livres o\u00f9 la lecture devient une exp\u00e9rience \u00e0 vivre, \u00e0 partager autrement que derri\u00e8re un \u00e9cran. Il est n\u00e9 de ce d\u00e9sir d\u2019alignement\u00a0: conjuguer ma passion pour les livres, faciliter l\u2019acc\u00e8s \u00e0 la lecture avec mon envie de cr\u00e9er du lien, explique-t-elle. Ce qui rend les \u2018\u2018Pauses Litt\u00e9raires\u2019\u2019 uniques, c\u2019est la place centrale donn\u00e9e au livre, dans toutes ses dimensions, comme objet de plaisir, d\u2019\u00e9vasion, de r\u00e9flexion et de lien. La lecture est au c\u0153ur du s\u00e9jour, mais se conjugue avec des ateliers, des discussions et des moments de calme lui donnant cette dimension de retraite.\u00a0\u00bb<\/p>\n<p>Fin octobre<\/p>\n<p>La premi\u00e8re \u00e9dition sera organis\u00e9e du 25 au 27\u00a0octobre \u00e0 la M\u00e9tairie \u00ab\u00a0La Maison de Ninette\u00a0\u00bb \u00e0 Castelculier. Le prix du s\u00e9jour complet (h\u00e9bergement, repas maison, activit\u00e9s litt\u00e9raires, mat\u00e9riel fourni et cadeaux de bienvenue) est compris entre 450 et 580\u00a0euros. 17\u00a0personnes int\u00e9ress\u00e9es se sont d\u00e9j\u00e0 manifest\u00e9es. Les inscriptions ouvriront fin ao\u00fbt sur le compte Instagram pr\u00e9cit\u00e9 et seront limit\u00e9es \u00e0 12 lecteurs.<\/p>\n<p>Une autre retraite est en pr\u00e9paration, dans un lieu encore \u00e0 d\u00e9finir, pour le mois de f\u00e9vrier prochain. Les r\u00e9servations seront \u00e9galement possibles par le biais du site internet\u00a0: <a href=\"https:\/\/lespauseslitteraires.com\/\" target=\"_blank\" rel=\"nofollow noopener\">lespauseslitteraires.com<\/a><\/p>\n<p>Analia Moreno peut \u00eatre contact\u00e9e au 06\u00a019\u00a049\u00a066\u00a053 et suivie en permanence pour ses chroniques litt\u00e9raires Instagram.<\/p>\n<p>        <script async src=\"\/\/www.instagram.com\/embed.js\"><\/script><\/p>\n","protected":false},"excerpt":{"rendered":"D\u00e9voreuse de romans, Analia Mor\u00e9no, Aiguillonnaise de 33\u00a0ans, poste r\u00e9guli\u00e8rement sur Instagram des chroniques sur son compte personnel\u00a0:&hellip;\n","protected":false},"author":2,"featured_media":273714,"comment_status":"","ping_status":"","sticky":false,"template":"","format":"standard","meta":{"footnotes":""},"categories":[1357],"tags":[1379,58,59,1011,27,1380],"class_list":{"0":"post-273713","1":"post","2":"type-post","3":"status-publish","4":"format-standard","5":"has-post-thumbnail","7":"category-livres","8":"tag-books","9":"tag-divertissement","10":"tag-entertainment","11":"tag-fr","12":"tag-france","13":"tag-livres"},"share_on_mastodon":{"url":"https:\/\/pubeurope.com\/@fr\/114916011800639219","error":""},"_links":{"self":[{"href":"https:\/\/www.europesays.com\/fr\/wp-json\/wp\/v2\/posts\/273713","targetHints":{"allow":["GET"]}}],"collection":[{"href":"https:\/\/www.europesays.com\/fr\/wp-json\/wp\/v2\/posts"}],"about":[{"href":"https:\/\/www.europesays.com\/fr\/wp-json\/wp\/v2\/types\/post"}],"author":[{"embeddable":true,"href":"https:\/\/www.europesays.com\/fr\/wp-json\/wp\/v2\/users\/2"}],"replies":[{"embeddable":true,"href":"https:\/\/www.europesays.com\/fr\/wp-json\/wp\/v2\/comments?post=273713"}],"version-history":[{"count":0,"href":"https:\/\/www.europesays.com\/fr\/wp-json\/wp\/v2\/posts\/273713\/revisions"}],"wp:featuredmedia":[{"embeddable":true,"href":"https:\/\/www.europesays.com\/fr\/wp-json\/wp\/v2\/media\/273714"}],"wp:attachment":[{"href":"https:\/\/www.europesays.com\/fr\/wp-json\/wp\/v2\/media?parent=273713"}],"wp:term":[{"taxonomy":"category","embeddable":true,"href":"https:\/\/www.europesays.com\/fr\/wp-json\/wp\/v2\/categories?post=273713"},{"taxonomy":"post_tag","embeddable":true,"href":"https:\/\/www.europesays.com\/fr\/wp-json\/wp\/v2\/tags?post=273713"}],"curies":[{"name":"wp","href":"https:\/\/api.w.org\/{rel}","templated":true}]}}