{"id":273715,"date":"2025-07-25T21:32:20","date_gmt":"2025-07-25T21:32:20","guid":{"rendered":"https:\/\/www.europesays.com\/fr\/273715\/"},"modified":"2025-07-25T21:32:20","modified_gmt":"2025-07-25T21:32:20","slug":"romy-secret-story-revele-en-larmes-comment-elle-a-difficilement-vecu-son-enorme-buzz-a-ladolescence","status":"publish","type":"post","link":"https:\/\/www.europesays.com\/fr\/273715\/","title":{"rendered":"Romy (Secret Story) r\u00e9v\u00e8le, en larmes, comment elle a difficilement v\u00e9cu son \u00e9norme buzz \u00e0 l&rsquo;adolescence"},"content":{"rendered":"<p>Au lendemain du prime de Secret Story, Romy revient sur la r\u00e9v\u00e9lation de son secret \u00ab\u00a0Je suis un ph\u00e9nom\u00e8ne viral\u00a0\u00bb. L&rsquo;habitante de la Maison des Secrets confie comment elle a difficilement v\u00e9cu ce buzz \u00e0 l&rsquo;adolescence dans la quotidienne du vendredi 25 juillet sur TFX.<\/p>\n<p>Elle est enfin pass\u00e9e \u00e0 la t\u00e9l\u00e9 ! Lors du<a href=\"https:\/\/www.programme-tv.net\/news\/tele-realite\/383985-secret-story-2025-voici-le-resume-du-prime-de-ce-jeudi-24-juillet\/\" data-api-deeplink=\"teleloisirs:\/\/news\/383985\" rel=\"nofollow noopener\" target=\"_blank\"> prime Action ou V\u00e9rit\u00e9 de Secret Story ce jeudi 24 juillet<\/a>, Romy a r\u00e9v\u00e9l\u00e9 son secret aux habitants de la Maison des Secrets devant la France enti\u00e8re. Anita, A\u00efmed, Constance, Ethan et Noah ont d\u00e9couvert que <a href=\"https:\/\/www.programme-tv.net\/news\/tele-realite\/380797-le-secret-de-romy-secret-story-2025-deja-decouvert-par-les-internautes-elle-serait-un-meme-culte-sur-internet\/\" data-api-deeplink=\"teleloisirs:\/\/news\/380797\" rel=\"nofollow noopener\" target=\"_blank\">la candidate est un ph\u00e9nom\u00e8ne viral<\/a> depuis qu&rsquo;elle a particip\u00e9 \u00e0 un micro-trottoir \u00e0 l&rsquo;adolescence qui a fait des millions de vues. Une exp\u00e9rience qu&rsquo;elle a racont\u00e9e dans la quotidienne de ce vendredi 25 juillet sur TFX. \u00ab\u00a0Aujourd&rsquo;hui, \u00e7a me fait sourire. Mais moi, l&rsquo;exposition ne m&rsquo;a pas du tout plu. <b>\u00c7a a \u00e9t\u00e9 brutal pour moi parce que les critiques quand elles sont arriv\u00e9es, je ne m&rsquo;y attendais pas<\/b>\u00ab\u00a0, a confi\u00e9 Romy avant d&rsquo;\u00e9voquer les cons\u00e9quences n\u00e9gatives de cette vid\u00e9o sur sa vie.<\/p>\n<p>Romy (Secret Story) revient sur son \u00e9norme buzz \u00e0 l&rsquo;adolescence : \u00ab\u00a0Ce n&rsquo;est vraiment pas facile \u00e0 vivre\u00a0\u00bb<\/p>\n<p>Si la vid\u00e9o de Romy diffus\u00e9e sur YouTube en 2010 nous a tous fait rire, ce n&rsquo;\u00e9tait pas son cas. \u00ab\u00a0Pendant tr\u00e8s longtemps, \u00e7a m&rsquo;a pes\u00e9e.<b> Je m&rsquo;en voulais \u00e0 mort d&rsquo;\u00eatre moi, ce n&rsquo;est vraiment pas facile \u00e0 vivre. <\/b>J&rsquo;ai tr\u00e8s peu confiance en moi parce que j&rsquo;ai \u00e9t\u00e9 mise sur la place publique et les gens se permettent de donner un avis sur moi\u00a0\u00bb, a-t-elle confi\u00e9 sur<a href=\"https:\/\/www.programme-tv.net\/news\/tele-realite\/383928-il-me-demangeait-ce-buzz-constance-secret-story-a-trouve-le-secret-de-romy\/\" data-api-deeplink=\"teleloisirs:\/\/news\/383928\" rel=\"nofollow noopener\" target=\"_blank\"> sa notori\u00e9t\u00e9 soudaine \u00e0 l&rsquo;adolescence<\/a>. Une exposition qui a aussi \u00e9t\u00e9 difficile \u00e0 g\u00e9rer pour sa maman. \u00ab\u00a0Ma m\u00e8re, elle ne l&rsquo;a pas support\u00e9. Elle n&rsquo;a jamais \u00e9t\u00e9 tr\u00e8s contente que sa fille soit expos\u00e9e comme \u00e7a sur la place publique\u00a0\u00bb, a rapport\u00e9 la jeune femme de 29 ans, en larmes, avant de revenir sur la pr\u00e9sence de sa m\u00e8re lors des primes de Secret Story : \u00ab\u00a0L\u00e0, savoir qu&rsquo;elle est venue dans cette \u00e9mission, pas qu&rsquo;elle assume mais qu&rsquo;elle est fi\u00e8re de qui je suis, en toute sinc\u00e9rit\u00e9, j&rsquo;ai gagn\u00e9 beaucoup.\u00a0\u00bb<\/p>\n<p>                        Romy esp\u00e8re reprendre confiance en elle gr\u00e2ce \u00e0 Secret Story<\/p>\n<p>Dans Secret Story, Romy a \u00e9t\u00e9 pour la premi\u00e8re fois fi\u00e8re de son secret. Une participation qui va permettre \u00e0 la star de l&rsquo;\u00e9mission de reprendre confiance en elle. \u00ab\u00a0Quand j&rsquo;ai d\u00e9cid\u00e9 de rentrer dans Secret Story, j&rsquo;avais un objectif. Je voulais que les gens voient autre chose de moi. Je suis venue prendre confiance en moi\u00a0\u00bb, a-t-elle expliqu\u00e9. Mission r\u00e9ussie !<\/p>\n","protected":false},"excerpt":{"rendered":"Au lendemain du prime de Secret Story, Romy revient sur la r\u00e9v\u00e9lation de son secret \u00ab\u00a0Je suis un&hellip;\n","protected":false},"author":2,"featured_media":273716,"comment_status":"","ping_status":"","sticky":false,"template":"","format":"standard","meta":{"footnotes":""},"categories":[1356],"tags":[244,58,59,1011,27,37473,37469,37470,37471,37472,36478,29901,37474,39375,37468,252,30052,2175,1364],"class_list":{"0":"post-273715","1":"post","2":"type-post","3":"status-publish","4":"format-standard","5":"has-post-thumbnail","7":"category-television","8":"tag-commentaire","9":"tag-divertissement","10":"tag-entertainment","11":"tag-fr","12":"tag-france","13":"tag-la-quotidienne-1099514145","14":"tag-la-quotidienne-1099539196","15":"tag-la-quotidienne-1099553915","16":"tag-la-quotidienne-1099565530","17":"tag-la-quotidienne-1099565538","18":"tag-romy-secret-story-13","19":"tag-secret-story","20":"tag-secret-story-1099553929","21":"tag-secret-story-1099644188","22":"tag-secret-story-40318845","23":"tag-television","24":"tag-tfx","25":"tag-tl-story","26":"tag-tv"},"share_on_mastodon":{"url":"https:\/\/pubeurope.com\/@fr\/114916015712214040","error":""},"_links":{"self":[{"href":"https:\/\/www.europesays.com\/fr\/wp-json\/wp\/v2\/posts\/273715","targetHints":{"allow":["GET"]}}],"collection":[{"href":"https:\/\/www.europesays.com\/fr\/wp-json\/wp\/v2\/posts"}],"about":[{"href":"https:\/\/www.europesays.com\/fr\/wp-json\/wp\/v2\/types\/post"}],"author":[{"embeddable":true,"href":"https:\/\/www.europesays.com\/fr\/wp-json\/wp\/v2\/users\/2"}],"replies":[{"embeddable":true,"href":"https:\/\/www.europesays.com\/fr\/wp-json\/wp\/v2\/comments?post=273715"}],"version-history":[{"count":0,"href":"https:\/\/www.europesays.com\/fr\/wp-json\/wp\/v2\/posts\/273715\/revisions"}],"wp:featuredmedia":[{"embeddable":true,"href":"https:\/\/www.europesays.com\/fr\/wp-json\/wp\/v2\/media\/273716"}],"wp:attachment":[{"href":"https:\/\/www.europesays.com\/fr\/wp-json\/wp\/v2\/media?parent=273715"}],"wp:term":[{"taxonomy":"category","embeddable":true,"href":"https:\/\/www.europesays.com\/fr\/wp-json\/wp\/v2\/categories?post=273715"},{"taxonomy":"post_tag","embeddable":true,"href":"https:\/\/www.europesays.com\/fr\/wp-json\/wp\/v2\/tags?post=273715"}],"curies":[{"name":"wp","href":"https:\/\/api.w.org\/{rel}","templated":true}]}}