{"id":273721,"date":"2025-07-25T21:35:10","date_gmt":"2025-07-25T21:35:10","guid":{"rendered":"https:\/\/www.europesays.com\/fr\/273721\/"},"modified":"2025-07-25T21:35:10","modified_gmt":"2025-07-25T21:35:10","slug":"eviter-une-potentielle-chaine-de-transmission-de-la-maladie-operation-de-demoustication-apres-un-cas-suspect-de-chikungunya","status":"publish","type":"post","link":"https:\/\/www.europesays.com\/fr\/273721\/","title":{"rendered":"\u00ab\u00a0\u00c9viter une potentielle cha\u00eene de transmission de la maladie\u00a0\u00bb: op\u00e9ration de d\u00e9moustication apr\u00e8s un cas suspect de chikungunya"},"content":{"rendered":"<p>\n                                                                    l&rsquo;essentiel<br \/>\n                                                                \u00c0 la suite d\u2019une d\u00e9claration d\u2019un cas de chikungunya d\u2019un habitant de l\u2019H\u00e9rault qui avait s\u00e9journ\u00e9 \u00e0 La Bastide-de-S\u00e9rou, en Ari\u00e8ge, les autorit\u00e9s lancent une op\u00e9ration de d\u00e9moustication pr\u00e9ventive et cibl\u00e9e pour \u00e9viter toute propagation du virus dans la nuit du lundi\u00a028 au mardi 29\u00a0juillet 2025.\n                            <\/p>\n<p>Un cas de chikungunya d\u00e9tect\u00e9 chez un habitant de l\u2019H\u00e9rault ayant r\u00e9cemment s\u00e9journ\u00e9 \u00e0 La Bastide-de-S\u00e9rou (Ari\u00e8ge) a d\u00e9clench\u00e9 une s\u00e9rie de mesures de lutte contre le moustique tigre. Une op\u00e9ration de pi\u00e9geage a \u00e9t\u00e9 lanc\u00e9e par les autorit\u00e9s locales\u00a0jeudi 24\u00a0juillet pour identifier la pr\u00e9sence de ces insectes.<\/p>\n<p>Dans la foul\u00e9e, une d\u00e9moustication pr\u00e9ventive et cibl\u00e9e est pr\u00e9vue dans la nuit du lundi\u00a028 au mardi 29\u00a0juillet 2025, entre 23\u00a0h et 6\u00a0h du matin.\u00a0Cette intervention s\u2019inscrit dans le cadre du plan national anti-diss\u00e9mination du chikungunya et de la dengue. Le moustique-tigre \u00e9tant le principal vecteur, les autorit\u00e9s prennent les devants pour \u00ab\u00a0\u00e9viter une potentielle cha\u00eene de transmission de la maladie\u00a0\u00bb, pr\u00e9cise la pr\u00e9fecture de l\u2019Ari\u00e8ge dans un communiqu\u00e9.<\/p>\n<p>Le traitement sera r\u00e9alis\u00e9 par une entreprise sp\u00e9cialis\u00e9e \u00e0 bord d\u2019un v\u00e9hicule de type pick-up. Il pourra \u00eatre compl\u00e9t\u00e9 \u00e0 pied, dans un p\u00e9rim\u00e8tre de 150 m\u00e8tres autour du lieu o\u00f9 le cas a \u00e9t\u00e9 d\u00e9tect\u00e9. Les riverains concern\u00e9s ont \u00e9t\u00e9 inform\u00e9s du dispositif par un flyer distribu\u00e9 dans leur bo\u00eete aux lettres ce vendredi 25\u00a0juillet 2025. Ils y trouvent \u00e9galement les consignes de pr\u00e9caution \u00e0 respecter.<\/p>\n<p>Les produits utilis\u00e9s sont similaires aux insecticides disponibles dans le commerce et r\u00e9pondent aux consignes d\u2019utilisation habituelles. \u00ab\u00a0Il est notamment recommand\u00e9, au moment de la pulv\u00e9risation, de garder les portes et les fen\u00eatres ferm\u00e9es, de rentrer les animaux, de couvrir les bassins et les bacs \u00e0 sable et, apr\u00e8s l\u2019op\u00e9ration, de rincer \u00e0 l\u2019eau le mobilier de jardin ainsi que les l\u00e9gumes et les fruits du potager\u00a0\u00bb, indique\u00a0la pr\u00e9fecture.<\/p>\n","protected":false},"excerpt":{"rendered":"l&rsquo;essentiel \u00c0 la suite d\u2019une d\u00e9claration d\u2019un cas de chikungunya d\u2019un habitant de l\u2019H\u00e9rault qui avait s\u00e9journ\u00e9 \u00e0&hellip;\n","protected":false},"author":2,"featured_media":273722,"comment_status":"","ping_status":"","sticky":false,"template":"","format":"standard","meta":{"footnotes":""},"categories":[10],"tags":[1011,27,72,71],"class_list":{"0":"post-273721","1":"post","2":"type-post","3":"status-publish","4":"format-standard","5":"has-post-thumbnail","7":"category-sante","8":"tag-fr","9":"tag-france","10":"tag-health","11":"tag-sante"},"share_on_mastodon":{"url":"https:\/\/pubeurope.com\/@fr\/114916027537061185","error":""},"_links":{"self":[{"href":"https:\/\/www.europesays.com\/fr\/wp-json\/wp\/v2\/posts\/273721","targetHints":{"allow":["GET"]}}],"collection":[{"href":"https:\/\/www.europesays.com\/fr\/wp-json\/wp\/v2\/posts"}],"about":[{"href":"https:\/\/www.europesays.com\/fr\/wp-json\/wp\/v2\/types\/post"}],"author":[{"embeddable":true,"href":"https:\/\/www.europesays.com\/fr\/wp-json\/wp\/v2\/users\/2"}],"replies":[{"embeddable":true,"href":"https:\/\/www.europesays.com\/fr\/wp-json\/wp\/v2\/comments?post=273721"}],"version-history":[{"count":0,"href":"https:\/\/www.europesays.com\/fr\/wp-json\/wp\/v2\/posts\/273721\/revisions"}],"wp:featuredmedia":[{"embeddable":true,"href":"https:\/\/www.europesays.com\/fr\/wp-json\/wp\/v2\/media\/273722"}],"wp:attachment":[{"href":"https:\/\/www.europesays.com\/fr\/wp-json\/wp\/v2\/media?parent=273721"}],"wp:term":[{"taxonomy":"category","embeddable":true,"href":"https:\/\/www.europesays.com\/fr\/wp-json\/wp\/v2\/categories?post=273721"},{"taxonomy":"post_tag","embeddable":true,"href":"https:\/\/www.europesays.com\/fr\/wp-json\/wp\/v2\/tags?post=273721"}],"curies":[{"name":"wp","href":"https:\/\/api.w.org\/{rel}","templated":true}]}}