{"id":273725,"date":"2025-07-25T21:37:15","date_gmt":"2025-07-25T21:37:15","guid":{"rendered":"https:\/\/www.europesays.com\/fr\/273725\/"},"modified":"2025-07-25T21:37:15","modified_gmt":"2025-07-25T21:37:15","slug":"constance-eliminee-de-secret-story-rejoint-sa-grande-amie-celia","status":"publish","type":"post","link":"https:\/\/www.europesays.com\/fr\/273725\/","title":{"rendered":"Constance, \u00e9limin\u00e9e de \u00abSecret Story\u00bb, rejoint sa grande amie C\u00e9lia"},"content":{"rendered":"<p><strong>ENTRETIEN &#8211;<\/strong> Ce jeudi 24 juillet marquait la fin de l\u2019aventure de la candidate, dans le jeu pr\u00e9sent\u00e9 par Christophe Beaugrand sur TFX, aux portes de la demi-finale.<\/p>\n<p class=\"fig-paragraph\">Ils ne sont plus que cinq \u00e0 pouvoir pr\u00e9tendre au titre de gagnant de\u00a0<a href=\"https:\/\/tvmag.lefigaro.fr\/programme-tv\/programme\/secret-story-d651186224\" target=\"_blank\" rel=\"noopener\" data-gtm-custom-categorie=\"navigation\" data-gtm-custom-action=\"crossclick\" data-gtm-custom-label=\"Contextuel\" data-gtm-event=\"customEventSPE\"><strong>\u00abSecret Story\u00bb<\/strong><\/a>, et <strong>Constance<\/strong> n\u2019en fait pas partie. La candidate de 22 ans a d\u2019abord \u00e9t\u00e9 nomm\u00e9e par ses camarades ce mardi 22 juillet, avant d\u2019\u00eatre \u00e9limin\u00e9e par les t\u00e9l\u00e9spectateurs, une semaine avant la demi-finale.<\/p>\n<p class=\"fig-paragraph\">La Normande a vu partir du jeu, tour \u00e0 tour, ses alli\u00e9s du programme pr\u00e9sent\u00e9 par\u00a0<a href=\"https:\/\/www.lefigaro.fr\/tag\/christophe-beaugrand\" target=\"_blank\" rel=\"noopener\" data-gtm-custom-categorie=\"navigation\" data-gtm-custom-action=\"crossclick\" data-gtm-custom-label=\"Contextuel\" data-gtm-event=\"customEventSPE\">Christophe Beaugrand<\/a>\u00a0sur TFX, notamment C\u00e9lia &#8211; sa \u00absiamoise\u00bb de l\u2019\u00e9mission, Mayer suite \u00e0 son abandon la semaine pass\u00e9e, et Damien avec lequel elle partageait le secret suivant\u00a0: \u00abNous sommes un faux couple\u00bb. Un secret plut\u00f4t difficile \u00e0 mettre en place compte tenu du fait que le jeune homme est parti apr\u00e8s seulement deux semaines de jeu.<\/p>\n<p>                                    <a class=\"fig-a11y-skip a11y-hidden\" href=\"#fig-a11y-skip-main-inarticle\"><br \/>\n        Passer la publicit\u00e9<br \/>\n    <\/a><\/p>\n<p class=\"fig-paragraph\">La participante a fait partie des candidats point\u00e9s du doigt par certains internautes pour des comportements de harc\u00e8lement, voire de racisme envers les deux joueuses\u00a0: Romy et Anita. Marianne, \u00e9galement concern\u00e9e par les accusations a \u00e9t\u00e9 victime de cyberharc\u00e8lement \u00e0 sa sortie de l\u2019\u00e9mission, au point qu\u2019<a href=\"http:\/\/tvmag.lefigaro.fr\/programme-tv\/actu-tele\/j-ai-juste-envie-de-mourir-une-candidate-de-secret-story-hospitalisee-apres-des-pensees-suicidaires-20250710\" target=\"_blank\" data-fig-type=\"Article\" rel=\"noopener\" data-gtm-custom-categorie=\"navigation\" data-gtm-custom-action=\"crossclick\" data-gtm-custom-label=\"Contextuel\" data-gtm-event=\"customEventSPE\" data-fig-domain=\"TVMAG\">elle a d\u00fb \u00eatre hospitalis\u00e9e suite \u00e0 des pens\u00e9es suicidaires<\/a>. Mais il en faut plus pour effrayer Constance, qui s\u2019est confi\u00e9e sur ces six semaines pass\u00e9es dans le jeu, et ses projets \u00e0 venir.<\/p>\n<p class=\"fig-body-link\">\n            \u00c0 lire aussi<br \/>\n        <a class=\"fig-body-link__link\" href=\"http:\/\/tvmag.lefigaro.fr\/programme-tv\/tele-realite\/mon-secret-m-a-desavantage-mayer-se-confie-sur-les-raisons-de-son-abandon-de-secret-story-20250722\" target=\"_blank\" data-fig-type=\"Article\" rel=\"noopener\" data-gtm-custom-categorie=\"navigation\" data-gtm-custom-action=\"crossclick\" data-gtm-custom-label=\"Contextuel\" data-gtm-event=\"customEventSPE\" data-fig-domain=\"TVMAG\">\u00abMon secret m\u2019a d\u00e9savantag\u00e9\u00bb\u00a0: Mayer se confie sur les raisons de son abandon de \u00abSecret Story\u00bb<br \/>\n    <\/a>\n<\/p>\n<p class=\"fig-paragraph\"><strong>LE FIGARO. <\/strong>&#8211; <strong>Vous regrettez d\u2019avoir \u00e9t\u00e9 \u00e9limin\u00e9e aux portes de la demi-finale\u00a0?<\/strong><\/p>\n<p class=\"fig-paragraph\"><strong>Constance.<\/strong> &#8211; Je n\u2019ai pas de regret parce que je pense que j\u2019ai bien jou\u00e9 mon jeu. Je suis all\u00e9e au bout de mes limites parce que \u00e7a commen\u00e7ait \u00e0 devenir un peu long pour moi. Je suis ravie de laisser ma place \u00e0 Ethan et Anita (nomm\u00e9s \u00e9galement cette semaine) qui ont \u00e9t\u00e9 des joueurs incroyables depuis le d\u00e9but. Je n\u2019\u00e9tais plus forc\u00e9ment bien alors je pr\u00e9f\u00e8re leur laisser \u00e0 eux.<\/p>\n<p class=\"fig-paragraph\"><strong>Comment avez-vous v\u00e9cu la perte de vos alli\u00e9s de l\u2019aventure\u00a0?<\/strong><\/p>\n<p class=\"fig-paragraph\">Je n\u2019ai pas tr\u00e8s bien v\u00e9cu quand Damien est parti et encore moins bien quand c\u2019\u00e9tait C\u00e9lia. Apr\u00e8s leur d\u00e9part, je n\u2019arrivais plus \u00e0 trouver des personnes \u00e0 qui parler, sans qu\u2019ils ne veuillent d\u00e9couvrir mon secret. Je n\u2019avais plus d\u2019\u00e9paule sur laquelle me reposer. J\u2019\u00e9tais d\u00e9go\u00fbt\u00e9e quand Damien a \u00e9t\u00e9 \u00e9limin\u00e9, j\u2019ai ressenti de l\u2019injustice. Je m\u2019en suis voulu d\u2019avoir accus\u00e9 Romy et Anita \u00e0 tort. J\u2019ai fait des erreurs qui ont \u00e9t\u00e9 remarqu\u00e9es. Maintenant je fais mon mea culpa, comme je l\u2019ai fait dans la maison des secrets. J\u2019ai parl\u00e9 avec elle et tout est pardonn\u00e9. Je me suis excus\u00e9e de comportements que j\u2019avais pu avoir. J\u2019ai vu ce qui s\u2019\u00e9tait pass\u00e9 sur les r\u00e9seaux sociaux. J\u2019essaie de me focaliser sur le positif et j\u2019esp\u00e8re que tout va bien pour Marianne.<\/p>\n<p>                                    <a class=\"fig-a11y-skip a11y-hidden\" href=\"#fig-a11y-skip-main-inarticle_mtf\"><br \/>\n        Passer la publicit\u00e9<br \/>\n    <\/a><\/p>\n<p class=\"fig-paragraph\"><strong>Vous allez vous revoir avec C\u00e9lia\u00a0?<\/strong><\/p>\n<p class=\"fig-paragraph\">Forc\u00e9ment\u00a0! J\u2019ai pr\u00e9vu de d\u00e9barquer \u00e0 Miami pour faire la f\u00eate et du contenu avec elle. On a \u00e9t\u00e9 ensemble dans \u00abSecret Story\u00bb, on sera pareil dehors, et m\u00eame dix fois plus\u00a0! J\u2019ai gagn\u00e9 une amiti\u00e9 pour la vie, c\u2019est ma meilleure amie de l\u2019aventure et je remercie la production de l\u2019avoir mise sur mon chemin. Je sais qu\u2019on ira loin toutes les deux.<\/p>\n<p class=\"fig-paragraph\"><strong>Des projets pour la suite\u00a0?<\/strong><\/p>\n<p class=\"fig-paragraph\">J\u2019ai eu C\u00e9lia hier au t\u00e9l\u00e9phone, on a parl\u00e9 de cr\u00e9ation de contenu. On est pareilles dans la vie, on fait un peu les m\u00eames choses, on aime les m\u00eames choses. Travailler toutes les deux, \u00e7a ne peut \u00eatre qu\u2019une force et rendre fier le public qui nous a soutenues, nous siamoises de l\u2019aventure. On va tellement aimer et rigoler qu\u2019on ne va m\u00eame pas se dire que c\u2019est du travail. Avant de faire l\u2019\u00e9mission, je comptais d\u00e9j\u00e0 aller \u00e0 Miami en septembre. Quand j\u2019en ai parl\u00e9 avec C\u00e9lia, elle \u00e9tait choqu\u00e9e (elle y vit \u00e9galement). Mon emm\u00e9nagement \u00e0 Miami n\u2019est pas impensable\u00a0!<\/p>\n<p class=\"fig-paragraph\"><strong>Pourriez-vous refaire de la t\u00e9l\u00e9-r\u00e9alit\u00e9\u00a0?<\/strong><\/p>\n<p>                                    <a class=\"fig-a11y-skip a11y-hidden\" href=\"#fig-a11y-skip-main-inarticle_btf\"><br \/>\n        Passer la publicit\u00e9<br \/>\n    <\/a><\/p>\n<p class=\"fig-paragraph\">Tout d\u00e9pend du programme. Tout ce qui est amour ne m\u2019int\u00e9resse pas. Si j\u2019avais voulu trouver l\u2019amour, je serais all\u00e9e \u00e0 la plage. Je pourrais refaire une t\u00e9l\u00e9-r\u00e9alit\u00e9 si c\u2019est un jeu. C\u2019est ce qui m\u2019int\u00e9resse \u00e9norm\u00e9ment. Peut-\u00eatre que vous me reverrez sur vos \u00e9crans, pour le plus grand bonheur des personnes qui me suivent, et pour le plus grand malheur de ceux qui ne m\u2019aiment pas forc\u00e9ment.<\/p>\n","protected":false},"excerpt":{"rendered":"ENTRETIEN &#8211; Ce jeudi 24 juillet marquait la fin de l\u2019aventure de la candidate, dans le jeu pr\u00e9sent\u00e9&hellip;\n","protected":false},"author":2,"featured_media":273726,"comment_status":"","ping_status":"","sticky":false,"template":"","format":"standard","meta":{"footnotes":""},"categories":[8],"tags":[5410,58,11804,59,1011,27,29901],"class_list":{"0":"post-273725","1":"post","2":"type-post","3":"status-publish","4":"format-standard","5":"has-post-thumbnail","7":"category-divertissement","8":"tag-christophe-beaugrand","9":"tag-divertissement","10":"tag-elimination","11":"tag-entertainment","12":"tag-fr","13":"tag-france","14":"tag-secret-story"},"share_on_mastodon":{"url":"https:\/\/pubeurope.com\/@fr\/114916035459087575","error":""},"_links":{"self":[{"href":"https:\/\/www.europesays.com\/fr\/wp-json\/wp\/v2\/posts\/273725","targetHints":{"allow":["GET"]}}],"collection":[{"href":"https:\/\/www.europesays.com\/fr\/wp-json\/wp\/v2\/posts"}],"about":[{"href":"https:\/\/www.europesays.com\/fr\/wp-json\/wp\/v2\/types\/post"}],"author":[{"embeddable":true,"href":"https:\/\/www.europesays.com\/fr\/wp-json\/wp\/v2\/users\/2"}],"replies":[{"embeddable":true,"href":"https:\/\/www.europesays.com\/fr\/wp-json\/wp\/v2\/comments?post=273725"}],"version-history":[{"count":0,"href":"https:\/\/www.europesays.com\/fr\/wp-json\/wp\/v2\/posts\/273725\/revisions"}],"wp:featuredmedia":[{"embeddable":true,"href":"https:\/\/www.europesays.com\/fr\/wp-json\/wp\/v2\/media\/273726"}],"wp:attachment":[{"href":"https:\/\/www.europesays.com\/fr\/wp-json\/wp\/v2\/media?parent=273725"}],"wp:term":[{"taxonomy":"category","embeddable":true,"href":"https:\/\/www.europesays.com\/fr\/wp-json\/wp\/v2\/categories?post=273725"},{"taxonomy":"post_tag","embeddable":true,"href":"https:\/\/www.europesays.com\/fr\/wp-json\/wp\/v2\/tags?post=273725"}],"curies":[{"name":"wp","href":"https:\/\/api.w.org\/{rel}","templated":true}]}}