{"id":273731,"date":"2025-07-25T21:40:10","date_gmt":"2025-07-25T21:40:10","guid":{"rendered":"https:\/\/www.europesays.com\/fr\/273731\/"},"modified":"2025-07-25T21:40:10","modified_gmt":"2025-07-25T21:40:10","slug":"des-milliers-de-femmes-victimes-de-partages-illegaux-de-photos-et-videos-intimes-sur-telegram","status":"publish","type":"post","link":"https:\/\/www.europesays.com\/fr\/273731\/","title":{"rendered":"Des milliers de femmes victimes de partages ill\u00e9gaux de photos et vid\u00e9os intimes sur Telegram"},"content":{"rendered":"<p>Une onde de choc num\u00e9rique traverse la <a href=\"https:\/\/www.20minutes.fr\/dossier\/chine\" target=\"_blank\" class=\"color-ultramarine c-link\" rel=\"noopener\">Chine<\/a>. Des milliers de femmes ont d\u00e9couvert que leurs <a href=\"https:\/\/www.20minutes.fr\/dossier\/photo\" target=\"_blank\" class=\"color-ultramarine c-link\" rel=\"noopener\">photos<\/a> et <a href=\"https:\/\/www.20minutes.fr\/dossier\/video\" target=\"_blank\" class=\"color-ultramarine c-link\" rel=\"noopener\">vid\u00e9os<\/a> intimes ont \u00e9t\u00e9 partag\u00e9es \u00e0 leur insu sur l\u2019application <a href=\"https:\/\/www.20minutes.fr\/high-tech\/telegram\/\" target=\"_blank\" class=\"color-ultramarine c-link\" rel=\"noopener\">Telegram<\/a>, transformant leurs vies priv\u00e9es en vitrines d\u2019humiliation publique et d\u00e9clenchant un cri d\u2019alarme national.<\/p>\n<p>L\u2019affaire a \u00e9clat\u00e9 mi-juillet, lorsqu\u2019une universit\u00e9 a expuls\u00e9 une \u00e9tudiante pour \u00ab\u00a0atteinte \u00e0 la dignit\u00e9 nationale\u00a0\u00bb apr\u00e8s qu\u2019un joueur ukrainien d\u2019e-sport a diffus\u00e9 des vid\u00e9os de leurs relations. Jeudi, un nouveau scandale a raviv\u00e9 la col\u00e8re\u00a0: une Chinoise a d\u00e9couvert que des clich\u00e9s pris \u00e0 son insu circulaient sur un forum Telegram comptant plus de 100.000 membres, selon le m\u00e9dia d\u2019Etat Southern Daily.<\/p>\n<p>Un cauchemar pour les Chinoises<\/p>\n<p>\u00ab\u00a0Nous ne sommes pas du contenu qu\u2019on peut t\u00e9l\u00e9charger, regarder et fantasmer au hasard\u00a0\u00bb, a d\u00e9nonc\u00e9 une internaute sur la plateforme <a href=\"https:\/\/www.20minutes.fr\/monde\/etats-unis\/4133690-20250115-etats-unis-quoi-rednote-application-chinoise-vers-laquelle-affluent-utilisateurs-tiktok\" target=\"_blank\" class=\"color-ultramarine c-link\" rel=\"noopener\">Red Note<\/a>, avant d\u2019ajouter\u00a0: \u00ab\u00a0Parce que la prochaine, \u00e7a pourrait \u00eatre moi, ou \u00e7a pourrait \u00eatre toi.\u00a0\u00bb Sur l\u2019application <a href=\"https:\/\/www.20minutes.fr\/search?q=Douyin#gsc.tab=0&amp;gsc.q=Douyin&amp;gsc.page=1\" target=\"_blank\" class=\"color-ultramarine c-link\" rel=\"noopener\">Douyin<\/a>, une autre femme t\u00e9moigne\u00a0: \u00ab\u00a0Ce que les criminels consid\u00e8rent comme normal pour eux peut \u00eatre un cauchemar dont d\u2019innombrables femmes ne peuvent pas \u00e9chapper pour le reste de leur vie.\u00a0\u00bb<\/p>\n<\/p>\n<p>Le plus grand groupe impliqu\u00e9, Mask Park, a \u00e9t\u00e9 supprim\u00e9, mais des dizaines de canaux d\u00e9riv\u00e9s restent actifs. D\u2019apr\u00e8s le Guangming Daily, certains utilisateurs y ont m\u00eame partag\u00e9 des images de leurs compagnes actuelles ou pass\u00e9es, d\u00e9clenchant un raz-de-mar\u00e9e d\u2019indignation. Sur Weibo, le <a href=\"https:\/\/www.20minutes.fr\/dossier\/hashtag\" target=\"_blank\" class=\"color-ultramarine c-link\" rel=\"noopener\">hashtag<\/a> li\u00e9 \u00e0 l\u2019affaire a d\u00e9j\u00e0 \u00e9t\u00e9 consult\u00e9 plus de 230\u00a0millions de fois.<\/p>\n<p>Explosion de la violence num\u00e9rique<\/p>\n<p>La <a href=\"https:\/\/www.20minutes.fr\/dossier\/porno\" target=\"_blank\" class=\"color-ultramarine c-link\" rel=\"noopener\">pornographie<\/a> \u00e9tant ill\u00e9gale en Chine, la diffusion de telles images met en lumi\u00e8re un paradoxe\u00a0: une soci\u00e9t\u00e9 marqu\u00e9e par des normes conservatrices envers les femmes, renforc\u00e9es par les m\u00e9dias d\u2019Etat, mais o\u00f9 les violences num\u00e9riques explosent.<\/p>\n<p><a href=\"https:\/\/www.20minutes.fr\/dossier\/reseaux_sociaux\" target=\"_blank\" class=\"c-link c-btn c-btn--primary\" rel=\"noopener\">Notre dossier sur les r\u00e9seaux sociaux<\/a><\/p>\n<p>Si la police avait arr\u00eat\u00e9 des centaines de personnes en\u00a02022 pour des enregistrements clandestins, aucune mesure concr\u00e8te n\u2019a encore \u00e9t\u00e9 annonc\u00e9e contre ces groupes Telegram, malgr\u00e9 leur interdiction officielle et leur acc\u00e8s persistant via VPN.<\/p>\n","protected":false},"excerpt":{"rendered":"Une onde de choc num\u00e9rique traverse la Chine. Des milliers de femmes ont d\u00e9couvert que leurs photos et&hellip;\n","protected":false},"author":2,"featured_media":273732,"comment_status":"","ping_status":"","sticky":false,"template":"","format":"standard","meta":{"footnotes":""},"categories":[5],"tags":[47,11,1071,7904,309,1011,27,41318,142,14,74,12,32825,938,22806,28],"class_list":{"0":"post-273731","1":"post","2":"type-post","3":"status-publish","4":"format-standard","5":"has-post-thumbnail","7":"category-international","8":"tag-actualite","9":"tag-actualites","10":"tag-application-mobile","11":"tag-by-the-web","12":"tag-chine","13":"tag-fr","14":"tag-france","15":"tag-hashtag","16":"tag-high-tech","17":"tag-international","18":"tag-monde","19":"tag-news","20":"tag-porno","21":"tag-reseaux-sociaux","22":"tag-telegram","23":"tag-world"},"share_on_mastodon":{"url":"https:\/\/pubeurope.com\/@fr\/114916047173685334","error":""},"_links":{"self":[{"href":"https:\/\/www.europesays.com\/fr\/wp-json\/wp\/v2\/posts\/273731","targetHints":{"allow":["GET"]}}],"collection":[{"href":"https:\/\/www.europesays.com\/fr\/wp-json\/wp\/v2\/posts"}],"about":[{"href":"https:\/\/www.europesays.com\/fr\/wp-json\/wp\/v2\/types\/post"}],"author":[{"embeddable":true,"href":"https:\/\/www.europesays.com\/fr\/wp-json\/wp\/v2\/users\/2"}],"replies":[{"embeddable":true,"href":"https:\/\/www.europesays.com\/fr\/wp-json\/wp\/v2\/comments?post=273731"}],"version-history":[{"count":0,"href":"https:\/\/www.europesays.com\/fr\/wp-json\/wp\/v2\/posts\/273731\/revisions"}],"wp:featuredmedia":[{"embeddable":true,"href":"https:\/\/www.europesays.com\/fr\/wp-json\/wp\/v2\/media\/273732"}],"wp:attachment":[{"href":"https:\/\/www.europesays.com\/fr\/wp-json\/wp\/v2\/media?parent=273731"}],"wp:term":[{"taxonomy":"category","embeddable":true,"href":"https:\/\/www.europesays.com\/fr\/wp-json\/wp\/v2\/categories?post=273731"},{"taxonomy":"post_tag","embeddable":true,"href":"https:\/\/www.europesays.com\/fr\/wp-json\/wp\/v2\/tags?post=273731"}],"curies":[{"name":"wp","href":"https:\/\/api.w.org\/{rel}","templated":true}]}}