{"id":273739,"date":"2025-07-25T21:44:12","date_gmt":"2025-07-25T21:44:12","guid":{"rendered":"https:\/\/www.europesays.com\/fr\/273739\/"},"modified":"2025-07-25T21:44:12","modified_gmt":"2025-07-25T21:44:12","slug":"n1f-tom-camara-debarque-avec-la-d2-en-ligne-de-mire","status":"publish","type":"post","link":"https:\/\/www.europesays.com\/fr\/273739\/","title":{"rendered":"N1F. Tom Camara d\u00e9barque avec la D2 en ligne de mire"},"content":{"rendered":"<p>\u00c0 53 ans, Tom Camara, qui \u00ab\u00a0aime se challenger\u00a0\u00bb, a trouv\u00e9 \u00e0 Saint-\u00c9tienne un projet \u00e0 sa mesure, dans un club qui lui ressemble aussi. \u00ab\u00a0Je suis un homme de terrain, et j\u2019aime bien les d\u00e9fis. Mais c\u2019est d\u2019abord l\u2019humain. \u00c0 Saint-\u00c9tienne, je me suis reconnu car avec la pr\u00e9sidente, Hafida M\u2019Barki, nous avons un parcours assez similaire o\u00f9 nous nous sommes construits par le sport, et \u00e7a m\u2019a parl\u00e9 dans mon for int\u00e9rieur. Le club poursuit une forte action sociale et \u00e9ducative en&#8230;<\/p>\n","protected":false},"excerpt":{"rendered":"\u00c0 53 ans, Tom Camara, qui \u00ab\u00a0aime se challenger\u00a0\u00bb, a trouv\u00e9 \u00e0 Saint-\u00c9tienne un projet \u00e0 sa mesure,&hellip;\n","protected":false},"author":2,"featured_media":273740,"comment_status":"","ping_status":"","sticky":false,"template":"","format":"standard","meta":{"footnotes":""},"categories":[9653],"tags":[1111,11,2430,7539,1777,674,1011,27,1792,12,25,4001,7538,517],"class_list":{"0":"post-273739","1":"post","2":"type-post","3":"status-publish","4":"format-standard","5":"has-post-thumbnail","7":"category-saint-etienne","8":"tag-actu","9":"tag-actualites","10":"tag-auvergne-rhone-alpes","11":"tag-edition-loire-sud","12":"tag-eu","13":"tag-europe","14":"tag-fr","15":"tag-france","16":"tag-handball","17":"tag-news","18":"tag-republique-francaise","19":"tag-saint-etienne","20":"tag-saint-etienne-ville","21":"tag-sport"},"share_on_mastodon":{"url":"https:\/\/pubeurope.com\/@fr\/114916063049484370","error":""},"_links":{"self":[{"href":"https:\/\/www.europesays.com\/fr\/wp-json\/wp\/v2\/posts\/273739","targetHints":{"allow":["GET"]}}],"collection":[{"href":"https:\/\/www.europesays.com\/fr\/wp-json\/wp\/v2\/posts"}],"about":[{"href":"https:\/\/www.europesays.com\/fr\/wp-json\/wp\/v2\/types\/post"}],"author":[{"embeddable":true,"href":"https:\/\/www.europesays.com\/fr\/wp-json\/wp\/v2\/users\/2"}],"replies":[{"embeddable":true,"href":"https:\/\/www.europesays.com\/fr\/wp-json\/wp\/v2\/comments?post=273739"}],"version-history":[{"count":0,"href":"https:\/\/www.europesays.com\/fr\/wp-json\/wp\/v2\/posts\/273739\/revisions"}],"wp:featuredmedia":[{"embeddable":true,"href":"https:\/\/www.europesays.com\/fr\/wp-json\/wp\/v2\/media\/273740"}],"wp:attachment":[{"href":"https:\/\/www.europesays.com\/fr\/wp-json\/wp\/v2\/media?parent=273739"}],"wp:term":[{"taxonomy":"category","embeddable":true,"href":"https:\/\/www.europesays.com\/fr\/wp-json\/wp\/v2\/categories?post=273739"},{"taxonomy":"post_tag","embeddable":true,"href":"https:\/\/www.europesays.com\/fr\/wp-json\/wp\/v2\/tags?post=273739"}],"curies":[{"name":"wp","href":"https:\/\/api.w.org\/{rel}","templated":true}]}}