{"id":273745,"date":"2025-07-25T21:48:32","date_gmt":"2025-07-25T21:48:32","guid":{"rendered":"https:\/\/www.europesays.com\/fr\/273745\/"},"modified":"2025-07-25T21:48:32","modified_gmt":"2025-07-25T21:48:32","slug":"les-createurs-se-donnent-rendez-vous-au-marche-nocturne-du-lavandou","status":"publish","type":"post","link":"https:\/\/www.europesays.com\/fr\/273745\/","title":{"rendered":"Les cr\u00e9ateurs se donnent rendez-vous au march\u00e9 nocturne du Lavandou"},"content":{"rendered":"<p>Nous sommes all\u00e9s ce lundi \u00e0 la rencontre des artisans et cr\u00e9ateurs du march\u00e9 nocturne de Saint-Clair. L\u2019ouverture est \u00e0 18h, ce qui permet de commencer agr\u00e9ablement la passeggiata, cette immuable promenade de fin de journ\u00e9e m\u00e9diterran\u00e9enne. Mais ce soir, c\u2019est tardivement que les vacanciers sont arriv\u00e9s \u00e0 la grande et agr\u00e9able surprise des artisans. Dans cette petite cavea plant\u00e9e d\u2019un bel olivier, sur ce parvis de la petite chapelle de Saint-Clair, une dizaine d\u2019exposants d\u2019arts tr\u00e8s vari\u00e9s: sculptures, raku, bijoux, gravures, sacs \u00e0 main, plantes, produits et m\u00eame auteurs locaux se m\u00ealent dans ce lieu intimiste, d\u00e9gageant une ambiance \u00ab\u00a0chill \u00a0\u00bb (d\u00e9tendue).<\/p>\n<p><strong>March\u00e9 de cr\u00e9ateurs et non artisanaux<\/strong><\/p>\n<p>L\u2019association Les Mains du Soleil, pr\u00e9sid\u00e9e par le pr\u00e9sident Robert Tarditi, organise ces march\u00e9s nocturnes. Pendant la p\u00e9riode hivernale, il recrute les futurs exposants pour adh\u00e9rer \u00e0 cette communaut\u00e9 de cr\u00e9ateurs, artisans, artistes et producteurs locaux, cr\u00e9\u00e9e en 2011. Il pr\u00e9cise que le contexte \u00e9conomique \u00e9tant compliqu\u00e9, ils rencontrent une certaine difficult\u00e9 \u00e0 vendre: \u00ab\u00a0Nos \u0153uvres sont uniques, elles ont demand\u00e9 beaucoup d\u2019heures de travail. Et elles ne peuvent certes pas rivaliser financi\u00e8rement avec les grandes enseignes\u00a0\u00bb.<\/p>\n<p>Mais, plus que du travail, c\u2019est une partie d\u2019eux-m\u00eames que les cr\u00e9ateurs ont insuffl\u00e9e dans leur \u0153uvre. Cette petite part insoup\u00e7onnable qui s\u2019accroche et que l\u2019on emporte avec nous quand on choisit un cadeau pour un \u00eatre cher ou pour soi-m\u00eame. La visite du stand Second Souffle nous raconte l\u2019aventure de Sandra Teisseire, qui a fait une reconversion professionnelle \u00e0 la cinquantaine. Elle a ressenti le besoin vital de quitter le stress de son ancien travail. Elle aime chiner et r\u00e9cup\u00e8re des objets qu\u2019elle reconditionne.<\/p>\n<p><strong>La cr\u00e9ation artistique pour favoriser le bien-\u00eatre<\/strong><\/p>\n<p>\u00c0 l\u2019aide de produits nobles comme le th\u00e9 rouge, le sable, la farine, des pigments naturels, elle retravaille les objets avec de l\u2019enduit, de la peinture ou du macram\u00e9. Elle nous explique par ces termes barbares: \u00ab\u00a0Je fais de la survalorisation ou du surcyclage d\u2019objet, plus simplement du upcycling. C\u2019est un nouveau souffle pour moi et pour les objets. Ce processus de cr\u00e9ation et d\u2019expression artistique s\u2019inscrit pour moi dans une pratique d\u2019art-th\u00e9rapie\u00a0\u00bb.<\/p>\n<p>Elle aime partager ce qu\u2019elle fait et souhaite ouvrir des formations, pour enseigner la technique dans son futur atelier \u00e0 Hy\u00e8res. \u00ab\u00a0Les gens sont tr\u00e8s demandeurs, ils ont envie de faire revivre leurs objets personnels en les adaptant \u00e0 leurs nouvelles envies ou \u00e0 leur nouvelle d\u00e9coration\u00a0\u00bb. Les gens n\u2019ont plus besoin ainsi de se s\u00e9parer de leur objet familier. L\u2019artiste nous pr\u00e9cise que \u00ab\u00a0la mati\u00e8re est l\u00e0 et la pi\u00e8ce continue \u00e0 vivre\u00a0\u00bb.<\/p>\n<p>Sur le march\u00e9 nocturne du Lavandou, sur le front de mer, ils seront mercredi une cinquantaine d\u2019exposants aussi bigarr\u00e9s les uns que les autres. Cela vous laissant ainsi le choix de d\u00e9couvrir sans doute l\u2019objet rare, le souvenir \u00e0 ramener chez vous ou le cadeau id\u00e9al pour l\u2019un de vos proches. La principale difficult\u00e9 qu\u2019ils rencontrent, c\u2019est qu\u2019ils ne peuvent pas faire d\u2019affichage. Heureusement, ils ont, notamment, les r\u00e9seaux sociaux. La vie de ces march\u00e9s est importante et valorisante pour ces artisans, ces cr\u00e9ateurs, ces artistes, qui doivent faire preuve d\u2019originalit\u00e9 pour insuffler une \u00e2me dans leur \u0153uvre et les faire se distinguer dans un march\u00e9 o\u00f9 l\u2019authenticit\u00e9 est une valeur recherch\u00e9e.<\/p>\n<p>            Les dates des march\u00e9s<\/p>\n<p>Le Lavandou, front de mer de 18h \u00e0 minuit les mercredis 23, 30 juillet et 6, 20, 27 ao\u00fbt et les jeudis 4 et 11 septembre.<\/p>\n<p>&#8211; Saint-Clair, place de la chapelle de 17h \u00e0 23h les lundis 28 juillet, 4, 11, 18, 25 ao\u00fbt et le lundi 1er septembre.<\/p>\n<p>&#8211; Cavali\u00e8re, boulevard des Acacias, de 17h \u00e0 23h les mardis 22, 29 juillet, 5, 19, 26 ao\u00fbt et le mardi 2 septembre.<\/p>\n<p>Mais \u00e9galement Ramatuelle les mercredis, Cotignac les mercredis, La Londe les jeudis, Collobri\u00e8res les vendredis.<\/p>\n<p>www.lesmainsdusoleil.fr en cas de modifications.<\/p>\n<p>Les Mains du Soleil: contact@lesmainsdusoleil.fr- Mob. 07 48 77 25 12.<\/p>\n","protected":false},"excerpt":{"rendered":"Nous sommes all\u00e9s ce lundi \u00e0 la rencontre des artisans et cr\u00e9ateurs du march\u00e9 nocturne de Saint-Clair. L\u2019ouverture&hellip;\n","protected":false},"author":2,"featured_media":273746,"comment_status":"","ping_status":"","sticky":false,"template":"","format":"standard","meta":{"footnotes":""},"categories":[9619],"tags":[1111,11,1777,674,1011,27,12,882,25,2310,3366],"class_list":{"0":"post-273745","1":"post","2":"type-post","3":"status-publish","4":"format-standard","5":"has-post-thumbnail","7":"category-toulon","8":"tag-actu","9":"tag-actualites","10":"tag-eu","11":"tag-europe","12":"tag-fr","13":"tag-france","14":"tag-news","15":"tag-provence-alpes-cote-dazur","16":"tag-republique-francaise","17":"tag-toulon","18":"tag-vie-locale"},"share_on_mastodon":{"url":"https:\/\/pubeurope.com\/@fr\/114916078571280719","error":""},"_links":{"self":[{"href":"https:\/\/www.europesays.com\/fr\/wp-json\/wp\/v2\/posts\/273745","targetHints":{"allow":["GET"]}}],"collection":[{"href":"https:\/\/www.europesays.com\/fr\/wp-json\/wp\/v2\/posts"}],"about":[{"href":"https:\/\/www.europesays.com\/fr\/wp-json\/wp\/v2\/types\/post"}],"author":[{"embeddable":true,"href":"https:\/\/www.europesays.com\/fr\/wp-json\/wp\/v2\/users\/2"}],"replies":[{"embeddable":true,"href":"https:\/\/www.europesays.com\/fr\/wp-json\/wp\/v2\/comments?post=273745"}],"version-history":[{"count":0,"href":"https:\/\/www.europesays.com\/fr\/wp-json\/wp\/v2\/posts\/273745\/revisions"}],"wp:featuredmedia":[{"embeddable":true,"href":"https:\/\/www.europesays.com\/fr\/wp-json\/wp\/v2\/media\/273746"}],"wp:attachment":[{"href":"https:\/\/www.europesays.com\/fr\/wp-json\/wp\/v2\/media?parent=273745"}],"wp:term":[{"taxonomy":"category","embeddable":true,"href":"https:\/\/www.europesays.com\/fr\/wp-json\/wp\/v2\/categories?post=273745"},{"taxonomy":"post_tag","embeddable":true,"href":"https:\/\/www.europesays.com\/fr\/wp-json\/wp\/v2\/tags?post=273745"}],"curies":[{"name":"wp","href":"https:\/\/api.w.org\/{rel}","templated":true}]}}