{"id":273755,"date":"2025-07-25T21:55:10","date_gmt":"2025-07-25T21:55:10","guid":{"rendered":"https:\/\/www.europesays.com\/fr\/273755\/"},"modified":"2025-07-25T21:55:10","modified_gmt":"2025-07-25T21:55:10","slug":"une-femme-de-25-ans-gravement-blessee-dans-un-accident-de-tracteur-elle-est-evacuee-par","status":"publish","type":"post","link":"https:\/\/www.europesays.com\/fr\/273755\/","title":{"rendered":"Une femme de 25\u00a0ans gravement bless\u00e9e dans un accident de tracteur: elle est \u00e9vacu\u00e9e par"},"content":{"rendered":"<p>Vendredi 25\u00a0juillet 2025, aux alentours de 17\u00a0heures, un accident a eu lieu \u00e0 <a href=\"https:\/\/saint-malo.maville.com\/bretagne\/ille-et-vilaine\/roz-sur-couesnon\/\" rel=\"nofollow noopener\" target=\"_blank\">Roz-sur-Couesnon<\/a> (Ille-et-Vilaine) dans le lieu-dit de La Rue, \u00e0 la fronti\u00e8re de l\u2019Ille-et-Vilaine et de la Manche, non loin du mont Saint-Michel.<\/p>\n<p>\u00c9vacu\u00e9e par h\u00e9licopt\u00e8re<\/p>\n<p>La victime est une femme de 25\u00a0ans qui conduisait un tracteur. Le v\u00e9hicule est tomb\u00e9 le foss\u00e9 et s\u2019est retourn\u00e9 alors que sa conductrice \u00e9tait \u00e0 l\u2019int\u00e9rieur.<\/p>\n<p>Elle a \u00e9t\u00e9 transport\u00e9e par l\u2019h\u00e9licopt\u00e8re Dragon 50\u00a0de la S\u00e9curit\u00e9 civile\u00a0jusqu\u2019au CHU de Rennes. \u00c0 son arriv\u00e9e \u00e0 l\u2019h\u00f4pital, la jeune femme se trouvait en urgence absolue.<\/p>\n<p>\u00a0<\/p>\n","protected":false},"excerpt":{"rendered":"Vendredi 25\u00a0juillet 2025, aux alentours de 17\u00a0heures, un accident a eu lieu \u00e0 Roz-sur-Couesnon (Ille-et-Vilaine) dans le lieu-dit&hellip;\n","protected":false},"author":2,"featured_media":273756,"comment_status":"","ping_status":"","sticky":false,"template":"","format":"standard","meta":{"footnotes":""},"categories":[2821],"tags":[13204,119,1111,11,1764,10620,829,1777,674,15542,1294,1011,27,16508,6373,12,584,25,13936],"class_list":{"0":"post-273755","1":"post","2":"type-post","3":"status-publish","4":"format-standard","5":"has-post-thumbnail","7":"category-rennes","8":"tag-13204","9":"tag-accident","10":"tag-actu","11":"tag-actualites","12":"tag-ans","13":"tag-blessee","14":"tag-bretagne","15":"tag-eu","16":"tag-europe","17":"tag-evacuee","18":"tag-femme","19":"tag-fr","20":"tag-france","21":"tag-gravement","22":"tag-helicoptere","23":"tag-news","24":"tag-rennes","25":"tag-republique-francaise","26":"tag-tracteur"},"share_on_mastodon":{"url":"https:\/\/pubeurope.com\/@fr\/114916106154172414","error":""},"_links":{"self":[{"href":"https:\/\/www.europesays.com\/fr\/wp-json\/wp\/v2\/posts\/273755","targetHints":{"allow":["GET"]}}],"collection":[{"href":"https:\/\/www.europesays.com\/fr\/wp-json\/wp\/v2\/posts"}],"about":[{"href":"https:\/\/www.europesays.com\/fr\/wp-json\/wp\/v2\/types\/post"}],"author":[{"embeddable":true,"href":"https:\/\/www.europesays.com\/fr\/wp-json\/wp\/v2\/users\/2"}],"replies":[{"embeddable":true,"href":"https:\/\/www.europesays.com\/fr\/wp-json\/wp\/v2\/comments?post=273755"}],"version-history":[{"count":0,"href":"https:\/\/www.europesays.com\/fr\/wp-json\/wp\/v2\/posts\/273755\/revisions"}],"wp:featuredmedia":[{"embeddable":true,"href":"https:\/\/www.europesays.com\/fr\/wp-json\/wp\/v2\/media\/273756"}],"wp:attachment":[{"href":"https:\/\/www.europesays.com\/fr\/wp-json\/wp\/v2\/media?parent=273755"}],"wp:term":[{"taxonomy":"category","embeddable":true,"href":"https:\/\/www.europesays.com\/fr\/wp-json\/wp\/v2\/categories?post=273755"},{"taxonomy":"post_tag","embeddable":true,"href":"https:\/\/www.europesays.com\/fr\/wp-json\/wp\/v2\/tags?post=273755"}],"curies":[{"name":"wp","href":"https:\/\/api.w.org\/{rel}","templated":true}]}}