{"id":273772,"date":"2025-07-25T22:04:10","date_gmt":"2025-07-25T22:04:10","guid":{"rendered":"https:\/\/www.europesays.com\/fr\/273772\/"},"modified":"2025-07-25T22:04:10","modified_gmt":"2025-07-25T22:04:10","slug":"bordeaux-tient-son-nouveau-gardien-numero-1-france-girondins-de-bordeaux","status":"publish","type":"post","link":"https:\/\/www.europesays.com\/fr\/273772\/","title":{"rendered":"Bordeaux tient son nouveau gardien num\u00e9ro 1 ! &#8211; France &#8211; Girondins de Bordeaux"},"content":{"rendered":"<p>Et de quatorze !<\/p>\n<p>Oui, oui, quatorze. Apr\u00e8s Matthieu Villette, Steve Shamal, Royce Openda, Lud\u00e9ric Etonde et Fa\u00efssal Manna\u00ef (attaque), Guillaume Odru, Abou Ba, et Adama Diop (milieu), \u00c9ric Vandenabeele, Ruben Droehnl\u00e9 Nadjib Ciss\u00e9 et L\u00e9o Jousselin (d\u00e9fense) et David Agossa (gardien), les Girondins viennent d\u2019enregistrer <strong>une quatorzi\u00e8me arriv\u00e9e dans ce mercato estival<\/strong>. Son nom ? <strong>Jan Hoekstra<\/strong>. Sa nationalit\u00e9 ? N\u00e9erlandaise. Son poste ? Gardien. Son statut ? Num\u00e9ro 1.<\/p>\n<blockquote class=\"twitter-tweet-lazy\" data-width=\"500\" data-dnt=\"true\">\n<p lang=\"fr\" dir=\"ltr\">\u2705Jan Hoekstra suit la s\u00e9ance de ses co\u00e9quipies et observe.<\/p>\n<p>Il sera le gardien num\u00e9ro 1 cette saison.<a target=\"_blank\" href=\"https:\/\/twitter.com\/hashtag\/Girondins?src=hash&amp;ref_src=twsrc%5Etfw\" rel=\"nofollow noopener\">#Girondins<\/a> <a target=\"_blank\" href=\"https:\/\/twitter.com\/hashtag\/Bordeaux?src=hash&amp;ref_src=twsrc%5Etfw\" rel=\"nofollow noopener\">#Bordeaux<\/a> <a target=\"_blank\" href=\"https:\/\/t.co\/UXOJ5SZc35\" rel=\"nofollow\">pic.twitter.com\/UXOJ5SZc35<\/a><\/p>\n<p>\u2014 WebGirondins (@webgirondins) <a target=\"_blank\" href=\"https:\/\/twitter.com\/webgirondins\/status\/1947587294845600072?ref_src=twsrc%5Etfw\" rel=\"nofollow noopener\">July 22, 2025<\/a><\/p>\n<\/blockquote>\n<p>\u00c2g\u00e9 de 26 ans, Jan Hoekstra affiche deux m\u00e8tres sous la toise et un palmar\u00e8s vierge. D\u00e9barqu\u00e9 gratuitement du FC Emmen, en D2 n\u00e9erlandaise, pour les trois prochaines saisons, il est pressenti pour s\u2019imposer entre les perches bordelaises et confirmer ainsi la d\u00e9claration de Bruno Irles qui avait assur\u00e9 que <strong>Lassana Diabat\u00e9<\/strong>, 21 ans et titulaire la saison derni\u00e8re, <strong>\u00ab\u202fserait au minimum mis en situation de concurrence.\u202f\u00bb<\/strong>\u00a0<\/p>\n<p>Encore un inconnu auquel il va falloir s\u2019habituer.<\/p>\n<p>\t\t\t\t\t\t\t\t\t\t<a class=\"lien-connexe\" href=\"https:\/\/www.sofoot.com\/breves\/les-groupes-de-national-2-devoiles-les-girondins-de-bordeaux-connaissent-leurs-adversaires\" rel=\"nofollow noopener\" target=\"_blank\">Les groupes de National 2 d\u00e9voil\u00e9s, les Girondins de Bordeaux connaissent leurs adversaires<\/a>\t\t\t\t\t<script async src=\"https:\/\/platform.twitter.com\/widgets.js\" charset=\"utf-8\"><\/script><\/p>\n","protected":false},"excerpt":{"rendered":"Et de quatorze ! Oui, oui, quatorze. Apr\u00e8s Matthieu Villette, Steve Shamal, Royce Openda, Lud\u00e9ric Etonde et Fa\u00efssal&hellip;\n","protected":false},"author":2,"featured_media":273773,"comment_status":"","ping_status":"","sticky":false,"template":"","format":"standard","meta":{"footnotes":""},"categories":[2817],"tags":[1111,47,11,61,1997,69,65,64,1777,674,63,1011,27,68,66,12,62,2219,70,25,67],"class_list":{"0":"post-273772","1":"post","2":"type-post","3":"status-publish","4":"format-standard","5":"has-post-thumbnail","7":"category-bordeaux","8":"tag-actu","9":"tag-actualite","10":"tag-actualites","11":"tag-actus-football","12":"tag-bordeaux","13":"tag-bundesliga","14":"tag-championnats-europeens","15":"tag-equipe-de-france","16":"tag-eu","17":"tag-europe","18":"tag-football","19":"tag-fr","20":"tag-france","21":"tag-ligua","22":"tag-ligue-1","23":"tag-news","24":"tag-news-foot","25":"tag-nouvelle-aquitaine","26":"tag-premier-league","27":"tag-republique-francaise","28":"tag-serie-a"},"share_on_mastodon":{"url":"https:\/\/pubeurope.com\/@fr\/114916141538413916","error":""},"_links":{"self":[{"href":"https:\/\/www.europesays.com\/fr\/wp-json\/wp\/v2\/posts\/273772","targetHints":{"allow":["GET"]}}],"collection":[{"href":"https:\/\/www.europesays.com\/fr\/wp-json\/wp\/v2\/posts"}],"about":[{"href":"https:\/\/www.europesays.com\/fr\/wp-json\/wp\/v2\/types\/post"}],"author":[{"embeddable":true,"href":"https:\/\/www.europesays.com\/fr\/wp-json\/wp\/v2\/users\/2"}],"replies":[{"embeddable":true,"href":"https:\/\/www.europesays.com\/fr\/wp-json\/wp\/v2\/comments?post=273772"}],"version-history":[{"count":0,"href":"https:\/\/www.europesays.com\/fr\/wp-json\/wp\/v2\/posts\/273772\/revisions"}],"wp:featuredmedia":[{"embeddable":true,"href":"https:\/\/www.europesays.com\/fr\/wp-json\/wp\/v2\/media\/273773"}],"wp:attachment":[{"href":"https:\/\/www.europesays.com\/fr\/wp-json\/wp\/v2\/media?parent=273772"}],"wp:term":[{"taxonomy":"category","embeddable":true,"href":"https:\/\/www.europesays.com\/fr\/wp-json\/wp\/v2\/categories?post=273772"},{"taxonomy":"post_tag","embeddable":true,"href":"https:\/\/www.europesays.com\/fr\/wp-json\/wp\/v2\/tags?post=273772"}],"curies":[{"name":"wp","href":"https:\/\/api.w.org\/{rel}","templated":true}]}}