{"id":273782,"date":"2025-07-25T22:11:21","date_gmt":"2025-07-25T22:11:21","guid":{"rendered":"https:\/\/www.europesays.com\/fr\/273782\/"},"modified":"2025-07-25T22:11:21","modified_gmt":"2025-07-25T22:11:21","slug":"choc-frontal-pres-de-lyon-un-homme-de-29-ans-tue-dans-une-collision-avec-un-camion","status":"publish","type":"post","link":"https:\/\/www.europesays.com\/fr\/273782\/","title":{"rendered":"Choc frontal pr\u00e8s de Lyon :\u00a0un homme de 29 ans tu\u00e9 dans une collision avec un camion"},"content":{"rendered":"<p itemprop=\"description\"><strong><br \/>&#13;<br \/>\nUn accident mortel s\u2019est produit ce vendredi 25 juillet sur la D385, \u00e0 hauteur de Belmont-d\u2019Azergues, au nord du d\u00e9partement du Rh\u00f4ne.<br \/>&#13;<br \/>\n<\/strong><\/p>\n<p>Cette portion de la D385, reliant Lozanne \u00e0 Lamure-sur-Azergues, est r\u00e9guli\u00e8rement le th\u00e9\u00e2tre d\u2019accidents graves. Aux alentours de 13h30, un choc frontal s\u2019est produit entre une voiture et un poids lourd, \u00e0 proximit\u00e9 de la cimenterie Lafarge, rapporte Le Progr\u00e8s.\u00a0<\/p>\n<p>Le conducteur de la voiture, un homme \u00e2g\u00e9 de 29 ans, circulait en direction de Ch\u00e2tillon. Pour une raison encore ind\u00e9termin\u00e9e, son v\u00e9hicule aurait quitt\u00e9 sa trajectoire avant de percuter le camion qui arrivait en sens inverse.<\/p>\n<p>D\u2019importants moyens de secours ont \u00e9t\u00e9 mobilis\u00e9s : gendarmes, pompiers, et un h\u00e9licopt\u00e8re de la s\u00e9curit\u00e9 civile. Malgr\u00e9 leur intervention rapide, le conducteur de la voiture a \u00e9t\u00e9 d\u00e9clar\u00e9 d\u00e9c\u00e9d\u00e9 sur place.<\/p>\n<p>Le chauffeur du poids lourd, l\u00e9g\u00e8rement bless\u00e9 et tr\u00e8s choqu\u00e9, a \u00e9t\u00e9 transport\u00e9 \u00e0 l\u2019h\u00f4pital.<\/p>\n<p>Une enqu\u00eate est en cours pour d\u00e9terminer les circonstances exactes du drame.<\/p>\n","protected":false},"excerpt":{"rendered":"&#13; Un accident mortel s\u2019est produit ce vendredi 25 juillet sur la D385, \u00e0 hauteur de Belmont-d\u2019Azergues, au&hellip;\n","protected":false},"author":2,"featured_media":273783,"comment_status":"","ping_status":"","sticky":false,"template":"","format":"standard","meta":{"footnotes":""},"categories":[1889],"tags":[1111,11,2813,2190,2430,1109,251,1112,2811,1777,674,118,1011,27,1922,1110,1114,2428,2810,12,241,316,25,2812,517,800],"class_list":{"0":"post-273782","1":"post","2":"type-post","3":"status-publish","4":"format-standard","5":"has-post-thumbnail","7":"category-lyon","8":"tag-actu","9":"tag-actualites","10":"tag-article","11":"tag-asvel","12":"tag-auvergne-rhone-alpes","13":"tag-breves","14":"tag-culture","15":"tag-depeches","16":"tag-economique","17":"tag-eu","18":"tag-europe","19":"tag-faits-divers","20":"tag-fr","21":"tag-france","22":"tag-info","23":"tag-informations","24":"tag-infos","25":"tag-lyon","26":"tag-lyonmag","27":"tag-news","28":"tag-ol","29":"tag-politique","30":"tag-republique-francaise","31":"tag-sociale","32":"tag-sport","33":"tag-transports"},"share_on_mastodon":{"url":"https:\/\/pubeurope.com\/@fr\/114916169102132347","error":""},"_links":{"self":[{"href":"https:\/\/www.europesays.com\/fr\/wp-json\/wp\/v2\/posts\/273782","targetHints":{"allow":["GET"]}}],"collection":[{"href":"https:\/\/www.europesays.com\/fr\/wp-json\/wp\/v2\/posts"}],"about":[{"href":"https:\/\/www.europesays.com\/fr\/wp-json\/wp\/v2\/types\/post"}],"author":[{"embeddable":true,"href":"https:\/\/www.europesays.com\/fr\/wp-json\/wp\/v2\/users\/2"}],"replies":[{"embeddable":true,"href":"https:\/\/www.europesays.com\/fr\/wp-json\/wp\/v2\/comments?post=273782"}],"version-history":[{"count":0,"href":"https:\/\/www.europesays.com\/fr\/wp-json\/wp\/v2\/posts\/273782\/revisions"}],"wp:featuredmedia":[{"embeddable":true,"href":"https:\/\/www.europesays.com\/fr\/wp-json\/wp\/v2\/media\/273783"}],"wp:attachment":[{"href":"https:\/\/www.europesays.com\/fr\/wp-json\/wp\/v2\/media?parent=273782"}],"wp:term":[{"taxonomy":"category","embeddable":true,"href":"https:\/\/www.europesays.com\/fr\/wp-json\/wp\/v2\/categories?post=273782"},{"taxonomy":"post_tag","embeddable":true,"href":"https:\/\/www.europesays.com\/fr\/wp-json\/wp\/v2\/tags?post=273782"}],"curies":[{"name":"wp","href":"https:\/\/api.w.org\/{rel}","templated":true}]}}