{"id":27379,"date":"2025-04-15T19:39:56","date_gmt":"2025-04-15T19:39:56","guid":{"rendered":"https:\/\/www.europesays.com\/fr\/27379\/"},"modified":"2025-04-15T19:39:56","modified_gmt":"2025-04-15T19:39:56","slug":"la-prison-de-toulon-dans-langoisse-apres-une-attaque-a-larme-de-guerre","status":"publish","type":"post","link":"https:\/\/www.europesays.com\/fr\/27379\/","title":{"rendered":"la prison de Toulon dans l\u2019angoisse apr\u00e8s \u00abune attaque \u00e0 l\u2019arme de guerre\u00bb"},"content":{"rendered":"<p><strong>REPORTAGE &#8211;<\/strong> Quinze balles ont \u00e9t\u00e9 tir\u00e9es sur la porte principale du centre p\u00e9nitentiaire de la Farl\u00e8de \u00e0 Toulon. Sur place, les agents p\u00e9nitentiaires sont sous le choc et y voient des repr\u00e9sailles de d\u00e9tenus li\u00e9s au narcobanditisme.<\/p>\n<p class=\"fig-paragraph\">Devant la porte de la prison, Adeline* n\u2019en croit pas ses yeux. La jeune femme se rend chaque semaine au parloir du centre\u00a0<a href=\"http:\/\/www.lefigaro.fr\/actualite-france\/surpopulation-carcerale-gerald-darmanin-accelere-la-construction-de-3000-places-de-prison-en-prefabrique-20250413\" data-fig-type=\"Article\" data-gtm-custom-categorie=\"navigation\" data-gtm-custom-action=\"crossclick\" data-gtm-custom-label=\"Contextuel\" data-gtm-event=\"customEventSPE\" data-fig-domain=\"LEFIGARO\" target=\"_blank\" rel=\"noopener\">p\u00e9nitentiaire<\/a>\u00a0de la\u00a0<a href=\"http:\/\/www.lefigaro.fr\/marseille\/marseille-toulon-nanterre-plusieurs-prisons-visees-par-des-incendies-et-des-tirs-cette-nuit-20250415\" data-fig-type=\"NewsFlash\" data-gtm-custom-categorie=\"navigation\" data-gtm-custom-action=\"crossclick\" data-gtm-custom-label=\"Contextuel\" data-gtm-event=\"customEventSPE\" data-fig-domain=\"LEFIGARO\" target=\"_blank\" rel=\"noopener\">Farl\u00e8de<\/a>, \u00e0 Toulon (Var), pour rendre visite \u00e0 un proche. \u00ab\u00c7a avait l\u2019air bien prot\u00e9g\u00e9, confie-t-elle. Je pensais m\u00eame que c\u2019\u00e9tait l\u2019une des prisons les plus s\u00fbres. Elle est toute neuve. Je trouve que tout cela est vraiment grave.\u00a0\u00bb<\/p>\n<p class=\"fig-paragraph\">Des petites feuilles de papiers, annot\u00e9es de 1 \u00e0 15, sont plac\u00e9es au-dessus des impacts de balles. Dans la nuit de lundi \u00e0 mardi, la porte d\u2019entr\u00e9e de la prison varoise a \u00e9t\u00e9 la cible de tirs \u00e0 l\u2019arme automatique. Selon le procureur de la R\u00e9publique de Toulon, les faits se sont d\u00e9roul\u00e9s vers 0\u00a0h\u00a040 et ont \u00e9t\u00e9 commis par \u00ab\u00a0plusieurs individus venus en v\u00e9hicule\u00a0\u00bb. \u00ab\u00a0Un peu plus d\u2019une dizaine de douilles a \u00e9t\u00e9 retrouv\u00e9e\u00a0\u00bb, pr\u00e9cise Samuel Finielz. Une de ces balles est parvenue \u00e0 traverser la porte d\u2019entr\u00e9e de la prison pour se nicher dans la vitre de l\u2019accueil du centre p\u00e9nitentiaire, o\u00f9 une surveillante se trouvait.<\/p>\n<p class=\"fig-paragraph\">Par miracle, cette derni\u00e8re n\u2019a pas \u00e9t\u00e9 bless\u00e9e. \u00ab\u00a0Ma coll\u00e8gue est tr\u00e8s choqu\u00e9e, raconte Serge*, surveillant p\u00e9nitentiaire dans cet \u00e9tablissement depuis son ouverture, en 2004. Qui dit que \u00e7a n\u2019arrivera pas de nouveau, en pleine journ\u00e9e, par exemple\u00a0?\u00a0\u00bb \u00c0 ses c\u00f4t\u00e9s, les proches des d\u00e9tenus se pressent devant l\u2019entr\u00e9e de cette prison tr\u00e8s facile d\u2019acc\u00e8s, alors que le changement d\u2019\u00e9quipes s\u2019est fait quelques minutes plus t\u00f4t.<\/p>\n<p class=\"fig-slideshow__title\">\n                    La prison de Toulon vis\u00e9e par des tirs d&rsquo;arme automatique\n                <\/p>\n<p>Acc\u00e9der au diaporama (7)<\/p>\n<p>DZ Mafia et Yoda<\/p>\n<p class=\"fig-paragraph\">\u00abNous attendons des r\u00e9ponses fortes, pour am\u00e9liorer la s\u00e9curit\u00e9 de l\u2019\u00e9tablissement, pour les agents et pour les familles&#8230;\u00a0\u00bb, souligne S\u00e9bastien Silfio, repr\u00e9sentant FO Justice \u00e0 la Farl\u00e8de. \u00ab\u00a0On se rend bien compte que la porte d\u2019acc\u00e8s \u00e0 la prison n\u2019est pas blind\u00e9e, souffle David Mantion, secr\u00e9taire r\u00e9gional adjoint de l\u2019Ufap Unsa Justice. \u00c7a m\u2019inqui\u00e8te\u00a0! On a d\u00e9j\u00e0 dit aussi qu\u2019il fallait mettre une barri\u00e8re \u00e0 l\u2019entr\u00e9e, car, aujourd\u2019hui, n\u2019importe qui peut stationner devant\u00a0!\u00a0\u00bb Or, parmi les 905 d\u00e9tenus qui s\u00e9journent \u00e0 la prison de la Farl\u00e8de, on d\u00e9nombre un certain nombre de gros bonnets du crime organis\u00e9. \u00ab\u00a0On a toute sorte de d\u00e9tenus, dont des profils qui viennent de la\u00a0<a href=\"http:\/\/www.lefigaro.fr\/marseille\/var-23-personnes-liees-au-gang-marseillais-de-la-dz-mafia-mises-en-examen-20241018\" data-fig-type=\"NewsFlash\" data-gtm-custom-categorie=\"navigation\" data-gtm-custom-action=\"crossclick\" data-gtm-custom-label=\"Contextuel\" data-gtm-event=\"customEventSPE\" data-fig-domain=\"LEFIGARO\" target=\"_blank\" rel=\"noopener\">DZ Mafia,<\/a> \u00a0de\u00a0<a href=\"http:\/\/www.lefigaro.fr\/faits-divers\/felix-bingui-chef-presume-du-clan-de-narcotrafic-yoda-mis-en-examen-et-place-en-detention-provisoire-a-marseille-20250125\" data-fig-type=\"NewsFlash\" data-gtm-custom-categorie=\"navigation\" data-gtm-custom-action=\"crossclick\" data-gtm-custom-label=\"Contextuel\" data-gtm-event=\"customEventSPE\" data-fig-domain=\"LEFIGARO\" target=\"_blank\" rel=\"noopener\">Yoda<\/a> &#8230;\u00a0\u00bb, confie Serge. \u00ab\u00a0On a des d\u00e9tenus li\u00e9s au narcobanditisme, dont plusieurs estampill\u00e9s \u00abhaut du spectre\u00bb, confirme David Mantion. Et ces gens-l\u00e0 sont capables du pire. Il faut se rappeler qu\u2019on est presque un an apr\u00e8s l\u2019assassinat de deux de nos coll\u00e8gues au\u00a0<a href=\"http:\/\/www.lefigaro.fr\/faits-divers\/evasion-de-mohamed-amra-a-incarville-des-pistes-serieuses-etudiees-par-les-enqueteurs-selon-la-procureure-de-paris-20240521\" data-fig-type=\"NewsFlash\" data-gtm-custom-categorie=\"navigation\" data-gtm-custom-action=\"crossclick\" data-gtm-custom-label=\"Contextuel\" data-gtm-event=\"customEventSPE\" data-fig-domain=\"LEFIGARO\" target=\"_blank\" rel=\"noopener\">p\u00e9age d\u2019Incarville<\/a> &#8230; Ils peuvent aller jusqu\u2019\u00e0 tuer\u00a0!\u00a0\u00bb \u00ab\u00a0Et des profils comme\u00a0<a href=\"http:\/\/www.lefigaro.fr\/faits-divers\/evasion-de-mohamed-amra-adonis-c-le-fidele-qui-s-etait-fait-la-belle-en-thailande-en-cours-d-extradition-en-france-20250409\" data-fig-type=\"NewsFlash\" data-gtm-custom-categorie=\"navigation\" data-gtm-custom-action=\"crossclick\" data-gtm-custom-label=\"Contextuel\" data-gtm-event=\"customEventSPE\" data-fig-domain=\"LEFIGARO\" target=\"_blank\" rel=\"noopener\">Mohamed Amra<\/a> \u00a0avant qu\u2019il ne s\u2019\u00e9vade, on en a 70\u00a0\u00bb, soupire Serge.<\/p>\n<p class=\"fig-paragraph\">Beaucoup voient dans cette action, men\u00e9e simultan\u00e9ment \u00e0\u00a0<a href=\"http:\/\/www.lefigaro.fr\/marseille\/marseille-toulon-nanterre-plusieurs-prisons-visees-par-des-incendies-et-des-tirs-cette-nuit-20250415\" data-fig-type=\"NewsFlash\" data-gtm-custom-categorie=\"navigation\" data-gtm-custom-action=\"crossclick\" data-gtm-custom-label=\"Contextuel\" data-gtm-event=\"customEventSPE\" data-fig-domain=\"LEFIGARO\" target=\"_blank\" rel=\"noopener\">d\u2019autres dans toute la France<\/a>, une r\u00e9ponse \u00e0 la politique de lutte contre le narcobanditisme port\u00e9e par\u00a0<a href=\"http:\/\/www.lefigaro.fr\/actualite-france\/narcotrafic-le-conseil-d-etat-donne-son-feu-vert-a-gerald-darmanin-20250314\" data-fig-type=\"Article\" data-gtm-custom-categorie=\"navigation\" data-gtm-custom-action=\"crossclick\" data-gtm-custom-label=\"Contextuel\" data-gtm-event=\"customEventSPE\" data-fig-domain=\"LEFIGARO\" target=\"_blank\" rel=\"noopener\">G\u00e9rald Darmanin<\/a>. \u00ab\u00a0Pour un d\u00e9tenu de la Farl\u00e8de, qui est ici au soleil, avec sa famille pas loin, ce n\u2019est pas la m\u00eame histoire d\u2019\u00eatre envoy\u00e9 dans la\u00a0<a href=\"http:\/\/www.lefigaro.fr\/actualite-france\/deux-prisons-haute-securite-pour-les-200-plus-gros-narcotrafiquants-20250306\" data-fig-type=\"Article\" data-gtm-custom-categorie=\"navigation\" data-gtm-custom-action=\"crossclick\" data-gtm-custom-label=\"Contextuel\" data-gtm-event=\"customEventSPE\" data-fig-domain=\"LEFIGARO\" target=\"_blank\" rel=\"noopener\">prison ultra-s\u00e9curis\u00e9e de Vendin-la-Vieille<\/a> , estime David Mantion. Et on va en avoir plusieurs\u00a0! Certains n\u2019ont pas envie de se retrouver l\u00e0-bas. On nous attaque \u00e0 l\u2019arme de guerre. C\u2019est une forme de terrorisme, pour intimider les gens et mettre la pression sur le gouvernement afin qu\u2019ils reviennent sur ce dispositif.\u00a0\u00bb \u00ab\u00a0On peut dire que certains sont entr\u00e9s en guerre contre la justice, lance S\u00e9bastien Silfio. J\u2019ai peur qu\u2019ils fassent des \u00e9mules&#8230;\u00a0\u00bb<\/p>\n<p class=\"fig-paragraph\">Sur la porte de la prison, la myst\u00e9rieuse inscription \u00ab\u00a0DDFM\u00a0\u00bb a \u00e9t\u00e9 retrouv\u00e9e tagu\u00e9e. Un acronyme diff\u00e9rent de celui retrouv\u00e9 sur les autres \u00e9tablissements vis\u00e9s la m\u00eame nuit dans l\u2019hexagone\u00a0: DDPF, pour \u00abdroits des prisonniers fran\u00e7ais\u00bb. \u00abJe ne sais pas qui se cache derri\u00e8re ce slogan\u00bb, a indiqu\u00e9 le ministre de la Justice G\u00e9rald Darmanin \u00e0 l\u2019issue de sa visite du centre p\u00e9nitentiaire de Toulon, pr\u00e9cisant qu\u2019il n\u2019y avait pas eu de revendication \u00e0 ce stade mais que l\u2019action semblait viser \u00e0 \u00abintimider\u00bb l\u2019\u00c9tat. Une enqu\u00eate a \u00e9t\u00e9 ouverte et confi\u00e9e au parquet national antiterroriste.<\/p>\n","protected":false},"excerpt":{"rendered":"REPORTAGE &#8211; Quinze balles ont \u00e9t\u00e9 tir\u00e9es sur la porte principale du centre p\u00e9nitentiaire de la Farl\u00e8de \u00e0&hellip;\n","protected":false},"author":2,"featured_media":27380,"comment_status":"","ping_status":"","sticky":false,"template":"","format":"standard","meta":{"footnotes":""},"categories":[9619],"tags":[1111,11,834,885,1182,1180,1181,1777,674,1011,27,3832,1184,1185,12,1177,1176,149,806,1186,882,25,1178,1183,2310,1179],"class_list":{"0":"post-27379","1":"post","2":"type-post","3":"status-publish","4":"format-standard","5":"has-post-thumbnail","7":"category-toulon","8":"tag-actu","9":"tag-actualites","10":"tag-attaque","11":"tag-bouches-du-rhone","12":"tag-calanques","13":"tag-canebiere","14":"tag-cite-phoceenne","15":"tag-eu","16":"tag-europe","17":"tag-fr","18":"tag-france","19":"tag-fusillade","20":"tag-la-timone","21":"tag-les-baumettes-mediterranee","22":"tag-news","23":"tag-notre-dame-de-la-garde","24":"tag-olympique-de-marseille","25":"tag-om","26":"tag-prison","27":"tag-provence","28":"tag-provence-alpes-cote-dazur","29":"tag-republique-francaise","30":"tag-saint-charles","31":"tag-sormiou","32":"tag-toulon","33":"tag-vieux-port"},"share_on_mastodon":{"url":"https:\/\/pubeurope.com\/@fr\/114343681920601669","error":""},"_links":{"self":[{"href":"https:\/\/www.europesays.com\/fr\/wp-json\/wp\/v2\/posts\/27379","targetHints":{"allow":["GET"]}}],"collection":[{"href":"https:\/\/www.europesays.com\/fr\/wp-json\/wp\/v2\/posts"}],"about":[{"href":"https:\/\/www.europesays.com\/fr\/wp-json\/wp\/v2\/types\/post"}],"author":[{"embeddable":true,"href":"https:\/\/www.europesays.com\/fr\/wp-json\/wp\/v2\/users\/2"}],"replies":[{"embeddable":true,"href":"https:\/\/www.europesays.com\/fr\/wp-json\/wp\/v2\/comments?post=27379"}],"version-history":[{"count":0,"href":"https:\/\/www.europesays.com\/fr\/wp-json\/wp\/v2\/posts\/27379\/revisions"}],"wp:featuredmedia":[{"embeddable":true,"href":"https:\/\/www.europesays.com\/fr\/wp-json\/wp\/v2\/media\/27380"}],"wp:attachment":[{"href":"https:\/\/www.europesays.com\/fr\/wp-json\/wp\/v2\/media?parent=27379"}],"wp:term":[{"taxonomy":"category","embeddable":true,"href":"https:\/\/www.europesays.com\/fr\/wp-json\/wp\/v2\/categories?post=27379"},{"taxonomy":"post_tag","embeddable":true,"href":"https:\/\/www.europesays.com\/fr\/wp-json\/wp\/v2\/tags?post=27379"}],"curies":[{"name":"wp","href":"https:\/\/api.w.org\/{rel}","templated":true}]}}