{"id":273790,"date":"2025-07-25T22:17:10","date_gmt":"2025-07-25T22:17:10","guid":{"rendered":"https:\/\/www.europesays.com\/fr\/273790\/"},"modified":"2025-07-25T22:17:10","modified_gmt":"2025-07-25T22:17:10","slug":"une-situation-devenue-insoutenable-le-campement-de-roms-en-lisiere-du-bourget-demantele","status":"publish","type":"post","link":"https:\/\/www.europesays.com\/fr\/273790\/","title":{"rendered":"\u00ab\u00a0Une situation devenue insoutenable\u00a0\u00bb\u00a0: le campement de Roms en lisi\u00e8re du\u00a0Bourget d\u00e9mantel\u00e9"},"content":{"rendered":"<p class=\"paragraph text_align_left lp-f-body-02\">L\u2019\u00e9vacuation a donc eu lieu au c\u0153ur de l\u2019\u00e9t\u00e9. Le campement situ\u00e9 le long de l\u2019ex-Nationale 2 \u00e0 La Courneuve, \u00e0 la lisi\u00e8re du Bourget, a \u00e9t\u00e9 d\u00e9truit ce jeudi, sur ordre du pr\u00e9fet de Seine-Saint-Denis. Une dizaine d\u2019habitations de fortune s\u2019alignaient en contrebas de la route depuis plusieurs mois. En mars dernier, le maire du Bourget Jean-Baptiste Borsali (DVD) avait \u00e9crit au ministre de l\u2019Int\u00e9rieur pour r\u00e9clamer leur d\u00e9mant\u00e8lement, \u00e9voquant alors <a href=\"https:\/\/www.leparisien.fr\/seine-saint-denis-93\/leur-presence-est-nuisible-le-maire-du-bourget-ecrit-a-bruno-retailleau-pour-evacuer-deux-camps-de-roms-23-03-2025-ANUDCL6SDBBEFH7OU5F3QX7APE.php\" target=\"_self\" rel=\"nofollow noopener\">\u00ab une situation devenue insoutenable \u00bb<\/a>.<\/p>\n<p class=\"paragraph text_align_left lp-f-body-02\">La pelleteuse \u00e9tait encore \u00e0 l\u2019\u0153uvre ce jeudi en d\u00e9but d\u2019apr\u00e8s-midi que l\u2019\u00e9lu remerciait d\u00e9j\u00e0 les services de l\u2019\u00c9tat \u00ab pour leur mobilisation \u00bb. Aly Diouara (LFI), le d\u00e9put\u00e9 de la circonscription comprenant Le Bourget, a r\u00e9agi \u00e0 travers un communiqu\u00e9. \u00ab Si les enjeux de s\u00e9curit\u00e9 et de tranquillit\u00e9 publique peuvent l\u00e9gitimement motiver une intervention, cette op\u00e9ration ne saurait \u00eatre salu\u00e9e sans une vigilance particuli\u00e8re quant \u00e0 ses r\u00e9percussions sociales et humaines \u00bb, \u00e9crit-il.<\/p>\n<blockquote class=\"twitter-tweet\">\n<p lang=\"fr\" dir=\"ltr\">\ud83d\udd34 [COMMUNIQU\u00c9 DE PRESSE]<\/p>\n<p>Hier a eu lieu l\u2019\u00e9vacuation du camps de Roms situ\u00e9 \u00e0 La Courneuve, en limite du Bourget.<\/p>\n<p>Comme vous le savez, je suis profond\u00e9ment engag\u00e9 \u00e0 ce que la dignit\u00e9 humaine dans toutes ses composantes soit respect\u00e9e [\u2026]. <a href=\"https:\/\/t.co\/WqRJPMzoiU\" rel=\"nofollow\">pic.twitter.com\/WqRJPMzoiU<\/a><\/p>\n<p>\u2014 Aly D (@AlyDiouara) <a href=\"https:\/\/twitter.com\/AlyDiouara\/status\/1948699987820310978?ref_src=twsrc%5Etfw\" rel=\"nofollow noopener\" target=\"_blank\">July 25, 2025<\/a><\/p><\/blockquote>\n<p class=\"paragraph text_align_left lp-f-body-02\">D\u2019apr\u00e8s Jean-Baptiste Borsali, \u00ab une cinquantaine \u00bb de personnes vivait dans ce campement en mars dernier. \u00ab Leur pr\u00e9sence est nuisible pour ma population et la tranquillit\u00e9 publique \u00bb, jugeait alors le maire du Bourget dans des propos d\u2019une rare violence. <\/p>\n<p class=\"paragraph text_align_left lp-f-body-02\">\u00ab Nos rues sont envahies par une mendicit\u00e9 insistante et parfois agressive, les cambriolages et vols \u00e0 l\u2019arrach\u00e9 ont augment\u00e9 et un sentiment d\u2019ins\u00e9curit\u00e9 s\u2019installe \u00bb, soutenait-il dans sa missive adress\u00e9e \u00e0 Bruno Retailleau.<\/p>\n<p class=\"paragraph text_align_left lp-f-body-02\">\u00ab Ce courrier n\u2019est qu\u2019une expression violente du racisme municipal \u00bb, estimait Saimir Mile. Le porte-parole de l\u2019association La Voix des Roms avait compar\u00e9 l\u2019initiative de Jean-Baptiste Borsali \u00e0 celle de son homologue de Villeron (Val-d\u2019Oise), qui a \u00e9t\u00e9 jug\u00e9 aux c\u00f4t\u00e9s de cinq habitants de sa ville le mois dernier en raison de <a href=\"https:\/\/www.leparisien.fr\/val-d-oise-95\/une-mobilisation-raciste-un-maire-et-cinq-habitants-devant-la-justice-pour-destruction-dun-camp-de-roms-01-02-2025-RTHHES6URRGWPLTGKHAXQOBMAI.php\" target=\"_self\" rel=\"nofollow noopener\">l\u2019expulsion controvers\u00e9e d\u2019un campement<\/a>. Poursuivi notamment pour \u00ab destructions de biens \u00bb et \u00ab violences \u00e0 caract\u00e8re raciste \u00bb, <a href=\"https:\/\/www.leparisien.fr\/val-d-oise-95\/relaxe-dans-laffaire-de-la-destruction-du-camp-rom-de-villeron-une-porte-ouverte-a-la-violence-24-06-2025-3NFLDSDZ4VF6HHNU3ALC25HUZE.php\" target=\"_self\" rel=\"nofollow noopener\">Dominique Kudla (sans \u00e9tiquette) a \u00e9t\u00e9 relax\u00e9 \u00e0 l\u2019issue de l\u2019audience<\/a>.<\/p>\n<p><script async src=\"https:\/\/platform.twitter.com\/widgets.js\" charset=\"utf-8\"><\/script><\/p>\n","protected":false},"excerpt":{"rendered":"L\u2019\u00e9vacuation a donc eu lieu au c\u0153ur de l\u2019\u00e9t\u00e9. Le campement situ\u00e9 le long de l\u2019ex-Nationale 2 \u00e0&hellip;\n","protected":false},"author":2,"featured_media":273791,"comment_status":"","ping_status":"","sticky":false,"template":"","format":"standard","meta":{"footnotes":""},"categories":[1888],"tags":[11,1777,674,1011,27,1944,12,626,25,1945],"class_list":{"0":"post-273790","1":"post","2":"type-post","3":"status-publish","4":"format-standard","5":"has-post-thumbnail","7":"category-paris","8":"tag-actualites","9":"tag-eu","10":"tag-europe","11":"tag-fr","12":"tag-france","13":"tag-ma-ville","14":"tag-news","15":"tag-paris","16":"tag-republique-francaise","17":"tag-seine-saint-denis"},"share_on_mastodon":{"url":"https:\/\/pubeurope.com\/@fr\/114916193059756016","error":""},"_links":{"self":[{"href":"https:\/\/www.europesays.com\/fr\/wp-json\/wp\/v2\/posts\/273790","targetHints":{"allow":["GET"]}}],"collection":[{"href":"https:\/\/www.europesays.com\/fr\/wp-json\/wp\/v2\/posts"}],"about":[{"href":"https:\/\/www.europesays.com\/fr\/wp-json\/wp\/v2\/types\/post"}],"author":[{"embeddable":true,"href":"https:\/\/www.europesays.com\/fr\/wp-json\/wp\/v2\/users\/2"}],"replies":[{"embeddable":true,"href":"https:\/\/www.europesays.com\/fr\/wp-json\/wp\/v2\/comments?post=273790"}],"version-history":[{"count":0,"href":"https:\/\/www.europesays.com\/fr\/wp-json\/wp\/v2\/posts\/273790\/revisions"}],"wp:featuredmedia":[{"embeddable":true,"href":"https:\/\/www.europesays.com\/fr\/wp-json\/wp\/v2\/media\/273791"}],"wp:attachment":[{"href":"https:\/\/www.europesays.com\/fr\/wp-json\/wp\/v2\/media?parent=273790"}],"wp:term":[{"taxonomy":"category","embeddable":true,"href":"https:\/\/www.europesays.com\/fr\/wp-json\/wp\/v2\/categories?post=273790"},{"taxonomy":"post_tag","embeddable":true,"href":"https:\/\/www.europesays.com\/fr\/wp-json\/wp\/v2\/tags?post=273790"}],"curies":[{"name":"wp","href":"https:\/\/api.w.org\/{rel}","templated":true}]}}