{"id":273798,"date":"2025-07-25T22:21:11","date_gmt":"2025-07-25T22:21:11","guid":{"rendered":"https:\/\/www.europesays.com\/fr\/273798\/"},"modified":"2025-07-25T22:21:11","modified_gmt":"2025-07-25T22:21:11","slug":"le-mexique-est-pret-a-importer-davantage-des-etats-unis-pour-echapper-aux-droits-de-douane-de-donald-trump","status":"publish","type":"post","link":"https:\/\/www.europesays.com\/fr\/273798\/","title":{"rendered":"Le Mexique est pr\u00eat \u00e0 importer davantage des \u00c9tats-Unis pour \u00e9chapper aux droits de douane de Donald Trump"},"content":{"rendered":"<p class=\"fig-paragraph\">Le Mexique a propos\u00e9 aux \u00c9tats-Unis d&rsquo;augmenter ses importations depuis ce pays pour \u00e9viter les\u00a0<a href=\"http:\/\/www.lefigaro.fr\/conjoncture\/droits-de-douane-rencontre-decisive-entre-ursula-von-der-leyen-et-donald-trump-dimanche-20250725\" data-fig-type=\"NewsFlash\" data-gtm-custom-categorie=\"navigation\" data-gtm-custom-action=\"crossclick\" data-gtm-custom-label=\"Contextuel\" data-gtm-event=\"customEventSPE\" data-fig-domain=\"LEFIGARO\" rel=\"nofollow noopener\" target=\"_blank\">droits de douane<\/a>\u00a0de 30% annonc\u00e9s par le pr\u00e9sident Donald Trump, a d\u00e9clar\u00e9 ce vendredi la pr\u00e9sidente mexicaine, Claudia Sheinbaum.\u00a0<a href=\"http:\/\/www.lefigaro.fr\/arts-expositions\/je-le-mets-au-ras-du-sol-le-toulousain-james-colomina-plonge-donald-trump-dans-les-egouts-de-new-york-20250725\" data-fig-type=\"Article\" data-gtm-custom-categorie=\"navigation\" data-gtm-custom-action=\"crossclick\" data-gtm-custom-label=\"Contextuel\" data-gtm-event=\"customEventSPE\" data-fig-domain=\"LEFIGARO\" rel=\"nofollow noopener\" target=\"_blank\">Donald Trump<\/a>\u00a0a annonc\u00e9 que les taxes sur de nombreux produits mexicains entreront en vigueur vendredi 1er ao\u00fbt, afin notamment de pousser son voisin \u00e0 redoubler d&rsquo;efforts contre le trafic de drogues vers les \u00c9tats-Unis, en particulier de fentanyl.<\/p>\n<p class=\"fig-paragraph\">Le pr\u00e9sident r\u00e9publicain a d\u00e9j\u00e0 impos\u00e9 des droits de douane sur les exportations automobiles et sid\u00e9rurgiques du Mexique, mais a exclu les articles inclus dans l&rsquo;accord de libre-\u00e9change nord-am\u00e9ricain, dont fait \u00e9galement partie le Canada. Mme Sheinbaum a expliqu\u00e9 que la proposition consistait \u00e0 augmenter \u00abl&rsquo;achat de produits des \u00c9tats-Unis sans que cela ne g\u00e9n\u00e8re d&rsquo;inflation\u00bb au Mexique.<\/p>\n<p>                                    <a class=\"fig-a11y-skip a11y-hidden\" href=\"#fig-a11y-skip-main-inarticle\"><br \/>\n        Passer la publicit\u00e9<br \/>\n    <\/a><\/p>\n<p>80% des exportations<\/p>\n<p class=\"fig-paragraph\">Cette proposition s&rsquo;inscrit dans le cadre de la n\u00e9gociation avec Washington d&rsquo;un accord qui abordera d&rsquo;autres questions, comme la s\u00e9curit\u00e9 et la migration, a-t-elle ajout\u00e9. \u00abC&rsquo;est une mani\u00e8re de r\u00e9duire le d\u00e9ficit commercial\u00bb des \u00c9tats-Unis avec le Mexique qui inqui\u00e8te Trump, a ajout\u00e9 la dirigeante de gauche, sans pr\u00e9ciser quels produits seront concern\u00e9s.<\/p>\n<p class=\"fig-paragraph\">Jeudi, Mme Sheinbaum avait assur\u00e9 que son gouvernement faisait \u00abtout son possible pour que n&rsquo;entrent pas en vigueur\u00bb les droits de douane et que, \u00absi n\u00e9cessaire\u00bb, elle cherchera \u00e0 discuter avec son homologue am\u00e9ricain la semaine prochaine. Le Mexique est l&rsquo;un des pays les plus vuln\u00e9rables aux droits de douane du pr\u00e9sident r\u00e9publicain, puisque 80% de ses exportations sont destin\u00e9es aux \u00c9tats-Unis.<\/p>\n<p class=\"fig-paragraph\">Dans ce contexte, Mme Sheinbaum cherche \u00e9galement \u00e0 diversifier les march\u00e9s pour la production nationale. Fin ao\u00fbt, devraient \u00eatre annonc\u00e9s, conjointement avec le Br\u00e9sil, des investissements priv\u00e9s mutuels dans des biens allant \u00abde l&rsquo;\u00e9thanol aux avions\u00bb. La pr\u00e9sidente a \u00e9galement confirm\u00e9 la signature en janvier 2026 de la mise \u00e0 jour de l&rsquo;accord commercial entre le Mexique et l&rsquo;Union europ\u00e9enne.<\/p>\n","protected":false},"excerpt":{"rendered":"Le Mexique a propos\u00e9 aux \u00c9tats-Unis d&rsquo;augmenter ses importations depuis ce pays pour \u00e9viter les\u00a0droits de douane\u00a0de 30%&hellip;\n","protected":false},"author":2,"featured_media":273799,"comment_status":"","ping_status":"","sticky":false,"template":"","format":"standard","meta":{"footnotes":""},"categories":[1589],"tags":[11,75,73,1866,5697,12,1864,1865,1863,308],"class_list":{"0":"post-273798","1":"post","2":"type-post","3":"status-publish","4":"format-standard","5":"has-post-thumbnail","7":"category-etats-unis","8":"tag-actualites","9":"tag-donald-trump","10":"tag-etats-unis","11":"tag-etats-unis-damerique","12":"tag-mexique","13":"tag-news","14":"tag-united-states","15":"tag-united-states-of-america","16":"tag-us","17":"tag-usa"},"share_on_mastodon":{"url":"https:\/\/pubeurope.com\/@fr\/114916208336260113","error":""},"_links":{"self":[{"href":"https:\/\/www.europesays.com\/fr\/wp-json\/wp\/v2\/posts\/273798","targetHints":{"allow":["GET"]}}],"collection":[{"href":"https:\/\/www.europesays.com\/fr\/wp-json\/wp\/v2\/posts"}],"about":[{"href":"https:\/\/www.europesays.com\/fr\/wp-json\/wp\/v2\/types\/post"}],"author":[{"embeddable":true,"href":"https:\/\/www.europesays.com\/fr\/wp-json\/wp\/v2\/users\/2"}],"replies":[{"embeddable":true,"href":"https:\/\/www.europesays.com\/fr\/wp-json\/wp\/v2\/comments?post=273798"}],"version-history":[{"count":0,"href":"https:\/\/www.europesays.com\/fr\/wp-json\/wp\/v2\/posts\/273798\/revisions"}],"wp:featuredmedia":[{"embeddable":true,"href":"https:\/\/www.europesays.com\/fr\/wp-json\/wp\/v2\/media\/273799"}],"wp:attachment":[{"href":"https:\/\/www.europesays.com\/fr\/wp-json\/wp\/v2\/media?parent=273798"}],"wp:term":[{"taxonomy":"category","embeddable":true,"href":"https:\/\/www.europesays.com\/fr\/wp-json\/wp\/v2\/categories?post=273798"},{"taxonomy":"post_tag","embeddable":true,"href":"https:\/\/www.europesays.com\/fr\/wp-json\/wp\/v2\/tags?post=273798"}],"curies":[{"name":"wp","href":"https:\/\/api.w.org\/{rel}","templated":true}]}}