{"id":273800,"date":"2025-07-25T22:22:10","date_gmt":"2025-07-25T22:22:10","guid":{"rendered":"https:\/\/www.europesays.com\/fr\/273800\/"},"modified":"2025-07-25T22:22:10","modified_gmt":"2025-07-25T22:22:10","slug":"londres-condamne-les-recompenses-pour-laide-a-la-capture-de-militants-pro-democratie-vivant-au-royaume-uni","status":"publish","type":"post","link":"https:\/\/www.europesays.com\/fr\/273800\/","title":{"rendered":"Londres condamne les r\u00e9compenses pour l&rsquo;aide \u00e0 la capture de militants pro-d\u00e9mocratie \u00abvivant au Royaume-Uni\u00bb"},"content":{"rendered":"<p class=\"fig-paragraph\">Le Royaume-Uni a condamn\u00e9 vendredi 25 juillet\u00a0<a href=\"http:\/\/www.lefigaro.fr\/flash-actu\/hong-kong-les-autorites-offrent-des-recompenses-pour-l-aide-a-la-capture-de-19-militants-pro-democratie-a-l-etranger-20250725\" target=\"_blank\" data-fig-type=\"NewsFlash\" rel=\"noopener\" data-gtm-custom-categorie=\"navigation\" data-gtm-custom-action=\"crossclick\" data-gtm-custom-label=\"Contextuel\" data-gtm-event=\"customEventSPE\" data-fig-domain=\"LEFIGARO\">les r\u00e9compenses offertes par les autorit\u00e9s de Hong Kong<\/a>\u00a0pour toute aide permettant l&rsquo;arrestation de militants pro d\u00e9mocratie \u00abvivant au Royaume-Uni\u00bb, dans un communiqu\u00e9 conjoint des ministres des Affaires \u00e9trang\u00e8res David Lammy et de l&rsquo;Int\u00e9rieur Yvette Cooper. \u00abL&rsquo;\u00e9mission par la police de Hong Kong de nouveaux mandats d&rsquo;arr\u00eat et de primes contre des individus vivant au Royaume-Uni constitue un nouvel exemple de r\u00e9pression transnationale\u00bb, ont d\u00e9clar\u00e9 les deux ministres, ajoutant que \u00abcela encourage les comportements irresponsables sur le sol britannique et nuit \u00e0 la r\u00e9putation internationale de Hong Kong\u00bb. Les deux ministres britanniques appellent vendredi \u00ables autorit\u00e9s chinoises et de Hong Kong \u00e0 cesser de cibler d\u00e9lib\u00e9r\u00e9ment les voix de l\u2019opposition au Royaume-Uni\u00bb.<\/p>\n<p class=\"fig-paragraph\">Les autorit\u00e9s de Hong Kong ont annonc\u00e9 vendredi offrir une r\u00e9compense pour toute information permettant l\u2019arrestation de 19 militants prod\u00e9mocratie bas\u00e9s \u00e0 l\u2019\u00e9tranger, accus\u00e9s d\u2019infraction \u00e0 la loi de s\u00e9curit\u00e9 nationale impos\u00e9e par P\u00e9kin en 2020. C\u2019est la quatri\u00e8me fois que les autorit\u00e9s de Hong Kong r\u00e9alisent ce type d\u2019appel, qui a d\u00e9j\u00e0 suscit\u00e9 de vives critiques de pays occidentaux, d\u00e9nonc\u00e9es comme de l\u2019\u00abing\u00e9rence\u00bb par Hong Kong et la Chine.<\/p>\n","protected":false},"excerpt":{"rendered":"Le Royaume-Uni a condamn\u00e9 vendredi 25 juillet\u00a0les r\u00e9compenses offertes par les autorit\u00e9s de Hong Kong\u00a0pour toute aide permettant&hellip;\n","protected":false},"author":2,"featured_media":273801,"comment_status":"","ping_status":"","sticky":false,"template":"","format":"standard","meta":{"footnotes":""},"categories":[1588],"tags":[1111,47,11,1109,1112,1777,674,118,1108,107,1106,1107,27,1110,1114,14,12,1113,316,473,1853,1851,1850,1852],"class_list":{"0":"post-273800","1":"post","2":"type-post","3":"status-publish","4":"format-standard","5":"has-post-thumbnail","7":"category-royaume-uni","8":"tag-actu","9":"tag-actualite","10":"tag-actualites","11":"tag-breves","12":"tag-depeches","13":"tag-eu","14":"tag-europe","15":"tag-faits-divers","16":"tag-fil","17":"tag-fil-info","18":"tag-flash","19":"tag-flash-actu","20":"tag-france","21":"tag-informations","22":"tag-infos","23":"tag-international","24":"tag-news","25":"tag-nouvelles","26":"tag-politique","27":"tag-royaume-uni","28":"tag-royaume-uni-de-grande-bretagne-et-dirlande-du-nord","29":"tag-uk","30":"tag-united-kingdom","31":"tag-united-kingdom-of-great-britain-and-northern-ireland"},"share_on_mastodon":{"url":"https:\/\/pubeurope.com\/@fr\/114916212359867761","error":""},"_links":{"self":[{"href":"https:\/\/www.europesays.com\/fr\/wp-json\/wp\/v2\/posts\/273800","targetHints":{"allow":["GET"]}}],"collection":[{"href":"https:\/\/www.europesays.com\/fr\/wp-json\/wp\/v2\/posts"}],"about":[{"href":"https:\/\/www.europesays.com\/fr\/wp-json\/wp\/v2\/types\/post"}],"author":[{"embeddable":true,"href":"https:\/\/www.europesays.com\/fr\/wp-json\/wp\/v2\/users\/2"}],"replies":[{"embeddable":true,"href":"https:\/\/www.europesays.com\/fr\/wp-json\/wp\/v2\/comments?post=273800"}],"version-history":[{"count":0,"href":"https:\/\/www.europesays.com\/fr\/wp-json\/wp\/v2\/posts\/273800\/revisions"}],"wp:featuredmedia":[{"embeddable":true,"href":"https:\/\/www.europesays.com\/fr\/wp-json\/wp\/v2\/media\/273801"}],"wp:attachment":[{"href":"https:\/\/www.europesays.com\/fr\/wp-json\/wp\/v2\/media?parent=273800"}],"wp:term":[{"taxonomy":"category","embeddable":true,"href":"https:\/\/www.europesays.com\/fr\/wp-json\/wp\/v2\/categories?post=273800"},{"taxonomy":"post_tag","embeddable":true,"href":"https:\/\/www.europesays.com\/fr\/wp-json\/wp\/v2\/tags?post=273800"}],"curies":[{"name":"wp","href":"https:\/\/api.w.org\/{rel}","templated":true}]}}