{"id":273802,"date":"2025-07-25T22:23:14","date_gmt":"2025-07-25T22:23:14","guid":{"rendered":"https:\/\/www.europesays.com\/fr\/273802\/"},"modified":"2025-07-25T22:23:14","modified_gmt":"2025-07-25T22:23:14","slug":"en-allemagne-friedrich-merz-sabrite-derriere-la-raison-detat-pour-justifier-sa-solidarite-inconditionnelle-envers-israel-liberation","status":"publish","type":"post","link":"https:\/\/www.europesays.com\/fr\/273802\/","title":{"rendered":"En Allemagne, Friedrich Merz s\u2019abrite derri\u00e8re la \u00abraison d\u2019Etat\u00bb pour justifier sa solidarit\u00e9 inconditionnelle envers Isra\u00ebl \u2013 Lib\u00e9ration"},"content":{"rendered":"<p class=\"sc-ksZaOG ehjQrN text-element\">On pensait que Friedrich Merz oserait un virage dans la politique de l\u2019Allemagne envers Isra\u00ebl. Alli\u00e9 inconditionnel de l\u2019Etat h\u00e9breu <a href=\"https:\/\/www.liberation.fr\/international\/lallemagne-salarme-de-la-hausse-des-actes-antisemites-liee-au-conflit-entre-israel-et-le-hamas-20231020_RYICXS42YBEX5DRBE32IIY25EA\/\" target=\"_blank\" rel=\"noreferrer nofollow noopener\" title=\"https:\/\/www.liberation.fr\/international\/lallemagne-salarme-de-la-hausse-des-actes-antisemites-liee-au-conflit-entre-israel-et-le-hamas-20231020_RYICXS42YBEX5DRBE32IIY25EA\/\">en raison de la responsabilit\u00e9 historique de son pays dans la Shoah<\/a>, le nouveau chancelier avait hauss\u00e9 le ton ces derni\u00e8res semaines en exigeant du gouvernement N\u00e9tanyahou l\u2019arr\u00eat des combats et plus de livraisons humanitaires \u00e0 Gaza.<\/p>\n<p class=\"sc-ksZaOG ehjQrN text-element\">\u00abInfliger de telles souffrances \u00e0 la population civile, comme cela a \u00e9t\u00e9 de plus en plus le cas ces derniers jours, ne peut plus \u00eatre justifi\u00e9 par la lutte contre le terrorisme du Hamas\u00bb, avait estim\u00e9 Merz en demandant aux Isra\u00e9liens de \u00abmettre fin aux interventions militaires massives\u00bb.<\/p>\n<p class=\"sc-ksZaOG ehjQrN text-element\">L\u2019attaque surprise d\u2019Isra\u00ebl contre l\u2019Iran en juin a pourtant d\u00e9montr\u00e9 que l\u2019Allemagne restait, aux c\u00f4t\u00e9s des Etats-Unis, le plus fid\u00e8le alli\u00e9 de l\u2019Etat h\u00e9breu en Europe. Friedrich Merz <a href=\"https:\/\/www.liberation.fr\/international\/europe\/iran-israel-les-vingt-sept-appellent-a-la-desescalade-20250617_3KN2F6IMCZBHRMVOR2N3CBJ3GA\/\" target=\"_blank\" rel=\"noreferrer nofollow noopener\" title=\"https:\/\/www.liberation.fr\/international\/europe\/iran-isra&lt;\/p&gt;&lt;\/div&gt;&lt;\/article&gt;&lt;\/div&gt;&lt;div data-fusion-lazy-id=\" f0f8vgvlad832fw=\"\"><\/p>\n","protected":false},"excerpt":{"rendered":"On pensait que Friedrich Merz oserait un virage dans la politique de l\u2019Allemagne envers Isra\u00ebl. Alli\u00e9 inconditionnel de&hellip;\n","protected":false},"author":2,"featured_media":273803,"comment_status":"","ping_status":"","sticky":false,"template":"","format":"standard","meta":{"footnotes":""},"categories":[1587],"tags":[11,672,1804,1805,1803,1777,674,1801,3523,12,1802],"class_list":{"0":"post-273802","1":"post","2":"type-post","3":"status-publish","4":"format-standard","5":"has-post-thumbnail","7":"category-allemagne","8":"tag-actualites","9":"tag-allemagne","10":"tag-bundesrepublik-deutschland","11":"tag-de","12":"tag-deutschland","13":"tag-eu","14":"tag-europe","15":"tag-germany","16":"tag-israel-palestine-conflit","17":"tag-news","18":"tag-republique-federale-dallemagne"},"share_on_mastodon":{"url":"https:\/\/pubeurope.com\/@fr\/114916216251881100","error":""},"_links":{"self":[{"href":"https:\/\/www.europesays.com\/fr\/wp-json\/wp\/v2\/posts\/273802","targetHints":{"allow":["GET"]}}],"collection":[{"href":"https:\/\/www.europesays.com\/fr\/wp-json\/wp\/v2\/posts"}],"about":[{"href":"https:\/\/www.europesays.com\/fr\/wp-json\/wp\/v2\/types\/post"}],"author":[{"embeddable":true,"href":"https:\/\/www.europesays.com\/fr\/wp-json\/wp\/v2\/users\/2"}],"replies":[{"embeddable":true,"href":"https:\/\/www.europesays.com\/fr\/wp-json\/wp\/v2\/comments?post=273802"}],"version-history":[{"count":0,"href":"https:\/\/www.europesays.com\/fr\/wp-json\/wp\/v2\/posts\/273802\/revisions"}],"wp:featuredmedia":[{"embeddable":true,"href":"https:\/\/www.europesays.com\/fr\/wp-json\/wp\/v2\/media\/273803"}],"wp:attachment":[{"href":"https:\/\/www.europesays.com\/fr\/wp-json\/wp\/v2\/media?parent=273802"}],"wp:term":[{"taxonomy":"category","embeddable":true,"href":"https:\/\/www.europesays.com\/fr\/wp-json\/wp\/v2\/categories?post=273802"},{"taxonomy":"post_tag","embeddable":true,"href":"https:\/\/www.europesays.com\/fr\/wp-json\/wp\/v2\/tags?post=273802"}],"curies":[{"name":"wp","href":"https:\/\/api.w.org\/{rel}","templated":true}]}}