{"id":273816,"date":"2025-07-25T22:30:11","date_gmt":"2025-07-25T22:30:11","guid":{"rendered":"https:\/\/www.europesays.com\/fr\/273816\/"},"modified":"2025-07-25T22:30:11","modified_gmt":"2025-07-25T22:30:11","slug":"le-gratin-du-volley-ball-hexagonal-se-retrouve-a-vaux-sur-mer","status":"publish","type":"post","link":"https:\/\/www.europesays.com\/fr\/273816\/","title":{"rendered":"Le gratin du volley-ball hexagonal se retrouve \u00e0 Vaux-sur-Mer"},"content":{"rendered":"<p>C\u2019est un des \u00e9v\u00e9nements les plus spectaculaires de l\u2019\u00e9t\u00e9 dans le Pays royannais. La tourn\u00e9e des plages, ce sont des tournois de volley sur cinq plages et ce, jusqu\u2019au 17\u00a0ao\u00fbt. M\u00eame si cette manifestation est accessible aux volleyeurs du dimanche, elle fournit aussi l\u2019occasion aux touristes de pouvoir croiser des joueurs de tr\u00e8s haut niveau. La semaine derni\u00e8re, Earvin Ngapeth (double champion olympique en 2021 et 2024) a jou\u00e9 avec son fils sur la plage de Meschers.<\/p>\n<p>\u00ab\u00a0C\u2019est devenu un rendez-vous important pour les volleyeurs, qu\u2019ils soient professionnels ou amateurs\u00a0\u00bb, se r\u00e9jouit David Guelle, le cr\u00e9ateur de cette tourn\u00e9e des plages en 2020. Pr\u00e9sident et joueur des pirates de Royan (Ligue B), il sait que de nombreux co\u00e9quipiers seront sur le sable de Nauzan ces samedi\u00a026 et dimanche 27\u00a0juillet, pour le master du m\u00eame nom. Et attention, le volley pr\u00e9sent\u00e9 en Pays royannais, ce n\u2019est pas du beach-volley. \u00ab\u00a0Nous, nous \u00e9voluons en 3 contre 3\u00a0; le beach-volley c\u2019est 2 contre 2. Et les r\u00e8gles sont aussi diff\u00e9rentes. Le beach dispose de son propre r\u00e8glement, nous, nous inspirons davantage des r\u00e8gles du volley en salle\u00a0\u00bb, poursuit Guelle.<\/p>\n<p>\u00ab\u00a0Technique individuelle\u00a0\u00bb<\/p>\n<p>Jouer sur le sable, cela change \u00e9videmment beaucoup de choses. \u00ab\u00a0On laisse moins de place \u00e0 la puissance. C\u2019est plus la technique individuelle qui permet de faire la diff\u00e9rence. Et puis c\u2019est quand m\u00eame plus sympa de plonger dans le sable que sur du b\u00e9ton\u00a0\u00bb, se marre le pr\u00e9sident-passeur des Pirates\u2026 qui reprendront le chemin de l\u2019entra\u00eenement dans un mois.<\/p>\n<p>Cette ann\u00e9e, \u00e0 Vaux-sur-Mer, le Royannais Tr\u00e9vor Cl\u00e9venot, lui aussi double champion olympique, ne pourra pas trouver le temps de venir\u00a0: il dispute en ce moment la Ligue mondiale de volley en Chine. Mais plusieurs professionnels, de Ligue A comme de Ligue B, feront \u00e9talage de leur art. Et si une autre apparition d\u2019Earvin Ngapeth n\u2019est pas certaine, un autre Ngapeth sera de la comp\u00e9tition, Swan, son petit fr\u00e8re. \u00ab\u00a0Il fait m\u00eame partie de mon \u00e9quipe\u00a0\u00bb, souligne David Guelle.<\/p>\n<p>Programme. Samedi, \u00e0 partir de 11 heures\u00a0: matchs qualificatifs. Dimanche, \u00e0 partir de 12 heures\u00a0: phase finale du master. Plage de Nauzan \u00e0 Vaux-sur-Mer. Entr\u00e9e gratuite.<\/p>\n","protected":false},"excerpt":{"rendered":"C\u2019est un des \u00e9v\u00e9nements les plus spectaculaires de l\u2019\u00e9t\u00e9 dans le Pays royannais. La tourn\u00e9e des plages, ce&hellip;\n","protected":false},"author":2,"featured_media":273817,"comment_status":"","ping_status":"","sticky":false,"template":"","format":"standard","meta":{"footnotes":""},"categories":[1417],"tags":[1011,27,60,1470,1469],"class_list":{"0":"post-273816","1":"post","2":"type-post","3":"status-publish","4":"format-standard","5":"has-post-thumbnail","7":"category-volley","8":"tag-fr","9":"tag-france","10":"tag-sports","11":"tag-volley","12":"tag-volleyball"},"share_on_mastodon":{"url":"https:\/\/pubeurope.com\/@fr\/114916243892824283","error":""},"_links":{"self":[{"href":"https:\/\/www.europesays.com\/fr\/wp-json\/wp\/v2\/posts\/273816","targetHints":{"allow":["GET"]}}],"collection":[{"href":"https:\/\/www.europesays.com\/fr\/wp-json\/wp\/v2\/posts"}],"about":[{"href":"https:\/\/www.europesays.com\/fr\/wp-json\/wp\/v2\/types\/post"}],"author":[{"embeddable":true,"href":"https:\/\/www.europesays.com\/fr\/wp-json\/wp\/v2\/users\/2"}],"replies":[{"embeddable":true,"href":"https:\/\/www.europesays.com\/fr\/wp-json\/wp\/v2\/comments?post=273816"}],"version-history":[{"count":0,"href":"https:\/\/www.europesays.com\/fr\/wp-json\/wp\/v2\/posts\/273816\/revisions"}],"wp:featuredmedia":[{"embeddable":true,"href":"https:\/\/www.europesays.com\/fr\/wp-json\/wp\/v2\/media\/273817"}],"wp:attachment":[{"href":"https:\/\/www.europesays.com\/fr\/wp-json\/wp\/v2\/media?parent=273816"}],"wp:term":[{"taxonomy":"category","embeddable":true,"href":"https:\/\/www.europesays.com\/fr\/wp-json\/wp\/v2\/categories?post=273816"},{"taxonomy":"post_tag","embeddable":true,"href":"https:\/\/www.europesays.com\/fr\/wp-json\/wp\/v2\/tags?post=273816"}],"curies":[{"name":"wp","href":"https:\/\/api.w.org\/{rel}","templated":true}]}}