{"id":273818,"date":"2025-07-25T22:31:19","date_gmt":"2025-07-25T22:31:19","guid":{"rendered":"https:\/\/www.europesays.com\/fr\/273818\/"},"modified":"2025-07-25T22:31:19","modified_gmt":"2025-07-25T22:31:19","slug":"une-recrue-star-du-club-doit-signer-une-decharge-pour-pouvoir-pratiquer-le-rugby","status":"publish","type":"post","link":"https:\/\/www.europesays.com\/fr\/273818\/","title":{"rendered":"une recrue star du club doit signer une d\u00e9charge pour pouvoir pratiquer le rugby"},"content":{"rendered":"<p>L\u2019Union Bordeaux-B\u00e8gles ne veut pas s\u2019arr\u00eater en si bon chemin. Doubles finalistes malheureux du Top 14 face au Stade Toulousain, les Girondins ne cessent de progresser sous la houlette de Yannick Bru et sortent d\u2019une campagne historique. En s\u2019imposant en Champions Cup, ils ont d\u00e9croch\u00e9 le premier sacre de leur jeune histoire et souhaitent s\u2019installer au sommet du rugby europ\u00e9en et fran\u00e7ais.<\/p>\n<p>Barlot class\u00e9 \u00e0 risque<\/p>\n<p>Pour cela, l\u2019UBB a sign\u00e9 de nombreux joueurs de talents, dont Ga\u00ebtan Barlot. Capitaine du XV de France lors du deuxi\u00e8me test-match face \u00e0 la Nouvelle-Z\u00e9lande, le talonneur arrive en provenance de Castres pour densifier le paquet d\u2019avant. Dans les colonnes de <a href=\"https:\/\/www.lequipe.fr\/Rugby\/Article\/Laborantin-decharge-et-passion-devorante-gaetan-barlot-une-surprise-comme-capitaine-des-bleus\/1577006\" rel=\"nofollow noopener\" target=\"_blank\">L\u2019Equipe<\/a>, son ancien entra\u00eeneur au CO Pierre-Henry Broncan lui a rendu un magnifique hommage, soulignant son humilit\u00e9. Il a \u00e9galement expliqu\u00e9 que le joueur acceptait de prendre des risques pour jouer, au point de devoir signer une d\u00e9charge en raison de probl\u00e8mes aux cervicales.<\/p>\n<blockquote>\n<p>\u00ab\u00a0Ga\u00ebtan\u00a0est un taiseux, un fils d\u2019agriculteur. Ce n\u2019est pas un expansif, mais c\u2019est un courageux, un gar\u00e7on qui a \u00e9t\u00e9 op\u00e9r\u00e9 des cervicales et qui doit signer une d\u00e9charge pour jouer au rugby, il est class\u00e9 G2 (Classification selon des groupes de risques et d\u2019aptitudes : G2 correspond \u00e0 une contre-indication relative \u00e0 la pratique du rugby en comp\u00e9tition, sur risque connu, \u00e0 faire accepter par le joueur). Je suis content de ce qui lui arrive. Il le m\u00e9rite \u00bb.<\/p>\n<\/blockquote>\n<p>Partagez cette info avec vos amis et vos proches en cliquant ici<br \/>Pour r\u00e9sumer<\/p>\n<p>Un international fran\u00e7ais, transf\u00e9r\u00e9 \u00e0 l\u2019Union Bordeaux-B\u00e8gles lors de l\u2019intersaison, doit signer une d\u00e9charge pour pouvoir jouer au rugby. Ga\u00ebtan Barlot souffre des cervicales et prend des risques par passion pour le jeu.<\/p>\n<p> <img decoding=\"async\" width=\"76\" height=\"76\" loading=\"lazy\" src=\"https:\/\/www.europesays.com\/fr\/wp-content\/uploads\/2025\/04\/avatar-quinze.png\" alt=\"Arnaud D\u00e9chelotte\"\/><\/p>\n","protected":false},"excerpt":{"rendered":"L\u2019Union Bordeaux-B\u00e8gles ne veut pas s\u2019arr\u00eater en si bon chemin. Doubles finalistes malheureux du Top 14 face au&hellip;\n","protected":false},"author":2,"featured_media":273819,"comment_status":"","ping_status":"","sticky":false,"template":"","format":"standard","meta":{"footnotes":""},"categories":[1416],"tags":[1011,27,479,1468,60],"class_list":{"0":"post-273818","1":"post","2":"type-post","3":"status-publish","4":"format-standard","5":"has-post-thumbnail","7":"category-rugby","8":"tag-fr","9":"tag-france","10":"tag-rugby","11":"tag-rugby-football","12":"tag-sports"},"share_on_mastodon":{"url":"https:\/\/pubeurope.com\/@fr\/114916247683972659","error":""},"_links":{"self":[{"href":"https:\/\/www.europesays.com\/fr\/wp-json\/wp\/v2\/posts\/273818","targetHints":{"allow":["GET"]}}],"collection":[{"href":"https:\/\/www.europesays.com\/fr\/wp-json\/wp\/v2\/posts"}],"about":[{"href":"https:\/\/www.europesays.com\/fr\/wp-json\/wp\/v2\/types\/post"}],"author":[{"embeddable":true,"href":"https:\/\/www.europesays.com\/fr\/wp-json\/wp\/v2\/users\/2"}],"replies":[{"embeddable":true,"href":"https:\/\/www.europesays.com\/fr\/wp-json\/wp\/v2\/comments?post=273818"}],"version-history":[{"count":0,"href":"https:\/\/www.europesays.com\/fr\/wp-json\/wp\/v2\/posts\/273818\/revisions"}],"wp:featuredmedia":[{"embeddable":true,"href":"https:\/\/www.europesays.com\/fr\/wp-json\/wp\/v2\/media\/273819"}],"wp:attachment":[{"href":"https:\/\/www.europesays.com\/fr\/wp-json\/wp\/v2\/media?parent=273818"}],"wp:term":[{"taxonomy":"category","embeddable":true,"href":"https:\/\/www.europesays.com\/fr\/wp-json\/wp\/v2\/categories?post=273818"},{"taxonomy":"post_tag","embeddable":true,"href":"https:\/\/www.europesays.com\/fr\/wp-json\/wp\/v2\/tags?post=273818"}],"curies":[{"name":"wp","href":"https:\/\/api.w.org\/{rel}","templated":true}]}}