{"id":273820,"date":"2025-07-25T22:32:17","date_gmt":"2025-07-25T22:32:17","guid":{"rendered":"https:\/\/www.europesays.com\/fr\/273820\/"},"modified":"2025-07-25T22:32:17","modified_gmt":"2025-07-25T22:32:17","slug":"bublik-qualifie-pour-la-finale-a-kitzbuhel-moins-dune-semaine-apres-son-titre-a-gstaad","status":"publish","type":"post","link":"https:\/\/www.europesays.com\/fr\/273820\/","title":{"rendered":"Bublik qualifi\u00e9 pour la finale \u00e0 Kitzb\u00fchel, moins d\u2019une semaine apr\u00e8s son titre \u00e0 Gstaad"},"content":{"rendered":"<p>                <img decoding=\"async\" src=\"https:\/\/www.europesays.com\/fr\/wp-content\/uploads\/2025\/07\/7pvl.jpg\" alt=\"Bublik qualifi\u00e9 pour la finale \u00e0 Kitzb\u00fchel, moins d\u2019une semaine apr\u00e8s son titre \u00e0 Gstaad\"\/><\/p>\n<p><strong>Le choix d\u2019Alexander Bublik de revenir sur terre battue apr\u00e8s Wimbledon s\u2019av\u00e8re plus que payant.<\/strong><\/p>\n<p>Titr\u00e9 la semaine derni\u00e8re \u00e0 Gstaad, pour sa premi\u00e8re participation dans le tournoi, le Kazakh visera \u00e0 Kitzb\u00fchel un doubl\u00e9 qu\u2019a r\u00e9alis\u00e9 Matteo Berrettini la saison derni\u00e8re.<\/p>\n<p>En effet, Bublik a domin\u00e9 ce vendredi Botic Van de Zandschulp (6-3, 6-4) pour rejoindre la finale du tournoi autrichien. Sans avoir perdu le moindre set de la comp\u00e9tition et sur une s\u00e9rie de sept victoires d\u2019affil\u00e9e, il affrontera demain Arthur Cazaux pour le titre.<\/p>\n","protected":false},"excerpt":{"rendered":"Le choix d\u2019Alexander Bublik de revenir sur terre battue apr\u00e8s Wimbledon s\u2019av\u00e8re plus que payant. Titr\u00e9 la semaine&hellip;\n","protected":false},"author":2,"featured_media":273821,"comment_status":"","ping_status":"","sticky":false,"template":"","format":"standard","meta":{"footnotes":""},"categories":[1415],"tags":[1011,27,60,1467],"class_list":{"0":"post-273820","1":"post","2":"type-post","3":"status-publish","4":"format-standard","5":"has-post-thumbnail","7":"category-tennis","8":"tag-fr","9":"tag-france","10":"tag-sports","11":"tag-tennis"},"share_on_mastodon":{"url":"https:\/\/pubeurope.com\/@fr\/114916251967140423","error":""},"_links":{"self":[{"href":"https:\/\/www.europesays.com\/fr\/wp-json\/wp\/v2\/posts\/273820","targetHints":{"allow":["GET"]}}],"collection":[{"href":"https:\/\/www.europesays.com\/fr\/wp-json\/wp\/v2\/posts"}],"about":[{"href":"https:\/\/www.europesays.com\/fr\/wp-json\/wp\/v2\/types\/post"}],"author":[{"embeddable":true,"href":"https:\/\/www.europesays.com\/fr\/wp-json\/wp\/v2\/users\/2"}],"replies":[{"embeddable":true,"href":"https:\/\/www.europesays.com\/fr\/wp-json\/wp\/v2\/comments?post=273820"}],"version-history":[{"count":0,"href":"https:\/\/www.europesays.com\/fr\/wp-json\/wp\/v2\/posts\/273820\/revisions"}],"wp:featuredmedia":[{"embeddable":true,"href":"https:\/\/www.europesays.com\/fr\/wp-json\/wp\/v2\/media\/273821"}],"wp:attachment":[{"href":"https:\/\/www.europesays.com\/fr\/wp-json\/wp\/v2\/media?parent=273820"}],"wp:term":[{"taxonomy":"category","embeddable":true,"href":"https:\/\/www.europesays.com\/fr\/wp-json\/wp\/v2\/categories?post=273820"},{"taxonomy":"post_tag","embeddable":true,"href":"https:\/\/www.europesays.com\/fr\/wp-json\/wp\/v2\/tags?post=273820"}],"curies":[{"name":"wp","href":"https:\/\/api.w.org\/{rel}","templated":true}]}}