{"id":273822,"date":"2025-07-25T22:33:40","date_gmt":"2025-07-25T22:33:40","guid":{"rendered":"https:\/\/www.europesays.com\/fr\/273822\/"},"modified":"2025-07-25T22:33:40","modified_gmt":"2025-07-25T22:33:40","slug":"vincent-collet-et-les-bleus-quinze-annees-inoubliables-ses-moments-preferes-et-son-nouveau-role","status":"publish","type":"post","link":"https:\/\/www.europesays.com\/fr\/273822\/","title":{"rendered":"Vincent Collet et les Bleus : \u00ab Quinze ann\u00e9es inoubliables \u00bb, ses moments pr\u00e9f\u00e9r\u00e9s et son nouveau r\u00f4le"},"content":{"rendered":"<p><strong>Vincent Collet sur la suite de sa carri\u00e8re et son nouveau r\u00f4le aupr\u00e8s de la FFBB<\/strong><\/p>\n<p>Double vice-championne du monde, la France nourrit de belles ambitions pour l&rsquo;avenir et pr\u00e9pare d\u00e9j\u00e0 les <a href=\"https:\/\/olympics.com\/fr\/olympic-games\/los-angeles-2028\" data-tracking-payload=\"{&quot;implementation_provider&quot;:&quot;sed&quot;,&quot;content_geography&quot;:&quot;[\\&quot;AF\\&quot;,\\&quot;AX\\&quot;,\\&quot;AL\\&quot;,\\&quot;DZ\\&quot;,\\&quot;AS\\&quot;,\\&quot;AD\\&quot;,\\&quot;AO\\&quot;,\\&quot;AI\\&quot;,\\&quot;AQ\\&quot;,\\&quot;AG\\&quot;,\\&quot;AR\\&quot;,\\&quot;AM\\&quot;,\\&quot;AW\\&quot;,\\&quot;AU\\&quot;,\\&quot;AT\\&quot;,\\&quot;AZ\\&quot;,\\&quot;BS\\&quot;,\\&quot;BH\\&quot;,\\&quot;BD\\&quot;,\\&quot;BB\\&quot;,\\&quot;BY\\&quot;,\\&quot;BE\\&quot;,\\&quot;BZ\\&quot;,\\&quot;BJ\\&quot;,\\&quot;BM\\&quot;,\\&quot;BT\\&quot;,\\&quot;BO\\&quot;,\\&quot;BQ\\&quot;,\\&quot;BA\\&quot;,\\&quot;BW\\&quot;,\\&quot;BV\\&quot;,\\&quot;BR\\&quot;,\\&quot;IO\\&quot;,\\&quot;UM\\&quot;,\\&quot;VG\\&quot;,\\&quot;VI\\&quot;,\\&quot;BN\\&quot;,\\&quot;BG\\&quot;,\\&quot;BF\\&quot;,\\&quot;BI\\&quot;,\\&quot;KH\\&quot;,\\&quot;CM\\&quot;,\\&quot;CA\\&quot;,\\&quot;CV\\&quot;,\\&quot;KY\\&quot;,\\&quot;CF\\&quot;,\\&quot;TD\\&quot;,\\&quot;CL\\&quot;,\\&quot;CN\\&quot;,\\&quot;CX\\&quot;,\\&quot;CC\\&quot;,\\&quot;CO\\&quot;,\\&quot;KM\\&quot;,\\&quot;CG\\&quot;,\\&quot;CD\\&quot;,\\&quot;CK\\&quot;,\\&quot;CR\\&quot;,\\&quot;HR\\&quot;,\\&quot;CU\\&quot;,\\&quot;CW\\&quot;,\\&quot;CY\\&quot;,\\&quot;CZ\\&quot;,\\&quot;DK\\&quot;,\\&quot;DJ\\&quot;,\\&quot;DM\\&quot;,\\&quot;DO\\&quot;,\\&quot;EC\\&quot;,\\&quot;EG\\&quot;,\\&quot;SV\\&quot;,\\&quot;GQ\\&quot;,\\&quot;ER\\&quot;,\\&quot;EE\\&quot;,\\&quot;ET\\&quot;,\\&quot;FK\\&quot;,\\&quot;FO\\&quot;,\\&quot;FJ\\&quot;,\\&quot;FI\\&quot;,\\&quot;FR\\&quot;,\\&quot;GF\\&quot;,\\&quot;PF\\&quot;,\\&quot;TF\\&quot;,\\&quot;GA\\&quot;,\\&quot;GM\\&quot;,\\&quot;GE\\&quot;,\\&quot;DE\\&quot;,\\&quot;GH\\&quot;,\\&quot;GI\\&quot;,\\&quot;GR\\&quot;,\\&quot;GL\\&quot;,\\&quot;GD\\&quot;,\\&quot;GP\\&quot;,\\&quot;GU\\&quot;,\\&quot;GT\\&quot;,\\&quot;GG\\&quot;,\\&quot;GN\\&quot;,\\&quot;GW\\&quot;,\\&quot;GY\\&quot;,\\&quot;HT\\&quot;,\\&quot;HM\\&quot;,\\&quot;VA\\&quot;,\\&quot;HN\\&quot;,\\&quot;HK\\&quot;,\\&quot;HU\\&quot;,\\&quot;IS\\&quot;,\\&quot;IN\\&quot;,\\&quot;ID\\&quot;,\\&quot;CI\\&quot;,\\&quot;IR\\&quot;,\\&quot;IQ\\&quot;,\\&quot;IE\\&quot;,\\&quot;IM\\&quot;,\\&quot;IL\\&quot;,\\&quot;IT\\&quot;,\\&quot;JM\\&quot;,\\&quot;JP\\&quot;,\\&quot;JE\\&quot;,\\&quot;JO\\&quot;,\\&quot;KZ\\&quot;,\\&quot;KE\\&quot;,\\&quot;KI\\&quot;,\\&quot;KW\\&quot;,\\&quot;KG\\&quot;,\\&quot;LA\\&quot;,\\&quot;LV\\&quot;,\\&quot;LB\\&quot;,\\&quot;LS\\&quot;,\\&quot;LR\\&quot;,\\&quot;LY\\&quot;,\\&quot;LI\\&quot;,\\&quot;LT\\&quot;,\\&quot;LU\\&quot;,\\&quot;MO\\&quot;,\\&quot;MK\\&quot;,\\&quot;MG\\&quot;,\\&quot;MW\\&quot;,\\&quot;MY\\&quot;,\\&quot;MV\\&quot;,\\&quot;ML\\&quot;,\\&quot;MT\\&quot;,\\&quot;MH\\&quot;,\\&quot;MQ\\&quot;,\\&quot;MR\\&quot;,\\&quot;MU\\&quot;,\\&quot;YT\\&quot;,\\&quot;MX\\&quot;,\\&quot;FM\\&quot;,\\&quot;MD\\&quot;,\\&quot;MC\\&quot;,\\&quot;MN\\&quot;,\\&quot;ME\\&quot;,\\&quot;MS\\&quot;,\\&quot;MA\\&quot;,\\&quot;MZ\\&quot;,\\&quot;MM\\&quot;,\\&quot;NA\\&quot;,\\&quot;NR\\&quot;,\\&quot;NP\\&quot;,\\&quot;NL\\&quot;,\\&quot;NC\\&quot;,\\&quot;NZ\\&quot;,\\&quot;NI\\&quot;,\\&quot;NE\\&quot;,\\&quot;NG\\&quot;,\\&quot;NU\\&quot;,\\&quot;NF\\&quot;,\\&quot;KP\\&quot;,\\&quot;MP\\&quot;,\\&quot;NO\\&quot;,\\&quot;OM\\&quot;,\\&quot;PK\\&quot;,\\&quot;PW\\&quot;,\\&quot;PS\\&quot;,\\&quot;PA\\&quot;,\\&quot;PG\\&quot;,\\&quot;PY\\&quot;,\\&quot;PE\\&quot;,\\&quot;PH\\&quot;,\\&quot;PN\\&quot;,\\&quot;PL\\&quot;,\\&quot;PT\\&quot;,\\&quot;PR\\&quot;,\\&quot;QA\\&quot;,\\&quot;RE\\&quot;,\\&quot;RO\\&quot;,\\&quot;RU\\&quot;,\\&quot;RW\\&quot;,\\&quot;BL\\&quot;,\\&quot;SH\\&quot;,\\&quot;KN\\&quot;,\\&quot;LC\\&quot;,\\&quot;MF\\&quot;,\\&quot;PM\\&quot;,\\&quot;VC\\&quot;,\\&quot;WS\\&quot;,\\&quot;SM\\&quot;,\\&quot;ST\\&quot;,\\&quot;SA\\&quot;,\\&quot;SN\\&quot;,\\&quot;RS\\&quot;,\\&quot;SC\\&quot;,\\&quot;SL\\&quot;,\\&quot;SG\\&quot;,\\&quot;SX\\&quot;,\\&quot;SK\\&quot;,\\&quot;SI\\&quot;,\\&quot;SB\\&quot;,\\&quot;SO\\&quot;,\\&quot;ZA\\&quot;,\\&quot;GS\\&quot;,\\&quot;KR\\&quot;,\\&quot;SS\\&quot;,\\&quot;ES\\&quot;,\\&quot;LK\\&quot;,\\&quot;SD\\&quot;,\\&quot;SR\\&quot;,\\&quot;SJ\\&quot;,\\&quot;SZ\\&quot;,\\&quot;SE\\&quot;,\\&quot;CH\\&quot;,\\&quot;SY\\&quot;,\\&quot;TW\\&quot;,\\&quot;TJ\\&quot;,\\&quot;TZ\\&quot;,\\&quot;TH\\&quot;,\\&quot;TL\\&quot;,\\&quot;TG\\&quot;,\\&quot;TK\\&quot;,\\&quot;TO\\&quot;,\\&quot;TT\\&quot;,\\&quot;TN\\&quot;,\\&quot;TR\\&quot;,\\&quot;TM\\&quot;,\\&quot;TC\\&quot;,\\&quot;TV\\&quot;,\\&quot;UG\\&quot;,\\&quot;UA\\&quot;,\\&quot;AE\\&quot;,\\&quot;GB\\&quot;,\\&quot;US\\&quot;,\\&quot;UY\\&quot;,\\&quot;UZ\\&quot;,\\&quot;VU\\&quot;,\\&quot;VE\\&quot;,\\&quot;VN\\&quot;,\\&quot;WF\\&quot;,\\&quot;EH\\&quot;,\\&quot;YE\\&quot;,\\&quot;ZM\\&quot;,\\&quot;ZW\\&quot;,\\&quot;XK\\&quot;]&quot;,&quot;content_id&quot;:&quot;51e250e8-f802-48c7-a998-83a1a1f9823b&quot;,&quot;content_release_date_local_utc&quot;:&quot;2024-09-10T05:50:02.526Z&quot;,&quot;content_title&quot;:&quot;Basketball - Vincent Collet et les Bleus : \u00ab Quinze ann\u00e9es inoubliables \u00bb, ses moments pr\u00e9f\u00e9r\u00e9s et son nouveau r\u00f4le\u00a0&quot;,&quot;tag&quot;:&quot;[\\&quot;discipline-basketball\\&quot;,\\&quot;newsclip\\&quot;,\\&quot;gender-male\\&quot;,\\&quot;france\\&quot;,\\&quot;rudy-gobert\\&quot;,\\&quot;evan-fournier\\&quot;,\\&quot;victor-wembanyama\\&quot;]&quot;,&quot;module_type&quot;:&quot;TextBlock&quot;,&quot;module_title&quot;:&quot;Basketball - Vincent Collet et les Bleus : \u00ab Quinze ann\u00e9es inoubliables \u00bb, ses moments pr\u00e9f\u00e9r\u00e9s et son nouveau r\u00f4le\u00a0&quot;,&quot;section_level_1&quot;:&quot;news&quot;,&quot;section_level_2&quot;:&quot;basketball-vincent-collet-et-les-bleus-quinze-annees-inoubliables-ces-moments-preferes-et-son-nouveau-role&quot;,&quot;discipline&quot;:&quot;discipline-basketball&quot;,&quot;odf_id&quot;:&quot;BKB&quot;,&quot;module_instance&quot;:&quot;Inline&quot;,&quot;module_id&quot;:null}\" data-tracking=\"click\" rel=\"nofollow noopener\" target=\"_blank\"><strong>Jeux Olympiques de Los Angeles 2028<\/strong><\/a>.<\/p>\n<p>Vincent Collet ne sera pas sur le banc de l&rsquo;\u00e9quipe de France masculine, mais continuera d&rsquo;utiliser son exp\u00e9rience en tant que conseiller sp\u00e9cial aupr\u00e8s de la Direction Technique Nationale de la F\u00e9d\u00e9ration. Un r\u00f4le pour lequel il aidera au d\u00e9veloppement et conseillera les prochains forts potentiels, joueurs et entraineurs.<\/p>\n<p>\u00ab C&rsquo;est un honneur que l&rsquo;on me confie ces missions. Elles n&rsquo;ont rien \u00e0 voir avec l&rsquo;\u00e9quipe de France masculine, pour moi c&rsquo;\u00e9tait avant, \u00e7a ne sera pas apr\u00e8s. Je serai pr\u00eat \u00e0 parler avec le futur staff s&rsquo;il le d\u00e9sire, seulement s&rsquo;il le d\u00e9sire. Moi, mes missions, elles seront aupr\u00e8s d&rsquo;autres coachs, les coachs en devenir. \u00bb<\/p>\n<p>\u00ab Nous sommes sur une dynamique positive, mais on ne doit pas s&rsquo;endormir, on doit \u00eatre exigeant pour continuer malgr\u00e9 tout \u00e0 am\u00e9liorer cette formation des joueurs. Et \u00e7a, cela passe par l&rsquo;am\u00e9lioration de la formation des entra\u00eeneurs. \u00bb<\/p>\n<p>Deux situations seulement lib\u00e9rerait Vincent Collet de ses responsabilit\u00e9s en tant que conseiller sp\u00e9cial : une offre de coaching d&rsquo;une \u00e9quipe jouant l&rsquo;Euroleague ou un poste d&rsquo;assistant en NBA, chose qui aurait pu \u00eatre le cas pour le d\u00e9but de cette saison 2024-2025. En effet, le coach des Cleveland Cavaliers, <strong>Kenny Atkinson<\/strong>, voulait ajouter Collet dans son staff.<\/p>\n<blockquote class=\"sc-45bf7d97-2 hHoVhz\">\n<p>J\u2019estime encore \u00eatre un coach, dans ma t\u00eate je le suis toujours.<\/p>\n<\/blockquote>\n<p>\u00ab Kenny Atkinson aura souhait\u00e9 m\u2019int\u00e9grer dans son staff, mais \u00e7a n\u2019a pas pu se faire pour des raisons plus politiques. \u00bb<\/p>\n","protected":false},"excerpt":{"rendered":"Vincent Collet sur la suite de sa carri\u00e8re et son nouveau r\u00f4le aupr\u00e8s de la FFBB Double vice-championne&hellip;\n","protected":false},"author":2,"featured_media":273823,"comment_status":"","ping_status":"","sticky":false,"template":"","format":"standard","meta":{"footnotes":""},"categories":[1414],"tags":[1465,1464,1011,27,60],"class_list":{"0":"post-273822","1":"post","2":"type-post","3":"status-publish","4":"format-standard","5":"has-post-thumbnail","7":"category-basket","8":"tag-basket","9":"tag-basketball","10":"tag-fr","11":"tag-france","12":"tag-sports"},"share_on_mastodon":{"url":"https:\/\/pubeurope.com\/@fr\/114916255602714937","error":""},"_links":{"self":[{"href":"https:\/\/www.europesays.com\/fr\/wp-json\/wp\/v2\/posts\/273822","targetHints":{"allow":["GET"]}}],"collection":[{"href":"https:\/\/www.europesays.com\/fr\/wp-json\/wp\/v2\/posts"}],"about":[{"href":"https:\/\/www.europesays.com\/fr\/wp-json\/wp\/v2\/types\/post"}],"author":[{"embeddable":true,"href":"https:\/\/www.europesays.com\/fr\/wp-json\/wp\/v2\/users\/2"}],"replies":[{"embeddable":true,"href":"https:\/\/www.europesays.com\/fr\/wp-json\/wp\/v2\/comments?post=273822"}],"version-history":[{"count":0,"href":"https:\/\/www.europesays.com\/fr\/wp-json\/wp\/v2\/posts\/273822\/revisions"}],"wp:featuredmedia":[{"embeddable":true,"href":"https:\/\/www.europesays.com\/fr\/wp-json\/wp\/v2\/media\/273823"}],"wp:attachment":[{"href":"https:\/\/www.europesays.com\/fr\/wp-json\/wp\/v2\/media?parent=273822"}],"wp:term":[{"taxonomy":"category","embeddable":true,"href":"https:\/\/www.europesays.com\/fr\/wp-json\/wp\/v2\/categories?post=273822"},{"taxonomy":"post_tag","embeddable":true,"href":"https:\/\/www.europesays.com\/fr\/wp-json\/wp\/v2\/tags?post=273822"}],"curies":[{"name":"wp","href":"https:\/\/api.w.org\/{rel}","templated":true}]}}