{"id":273824,"date":"2025-07-25T22:34:11","date_gmt":"2025-07-25T22:34:11","guid":{"rendered":"https:\/\/www.europesays.com\/fr\/273824\/"},"modified":"2025-07-25T22:34:11","modified_gmt":"2025-07-25T22:34:11","slug":"motogp-video-rencontre-entre-les-papas-marquez-et-bagnaia","status":"publish","type":"post","link":"https:\/\/www.europesays.com\/fr\/273824\/","title":{"rendered":"MotoGP vid\u00e9o, Rencontre entre les papas Marquez et Bagnaia"},"content":{"rendered":"<\/p>\n<p class=\"my-0\"><strong>Le Grand Prix de Tch\u00e9quie \u00e0 Brno a \u00e9t\u00e9 une<br \/>\nnouvelle \u00e9tape marquante de la saison 2025 pour Ducati, et de ses<br \/>\npilotes, Marc Marquez et Pecco Bagnaia. Une manche immortalis\u00e9e<br \/>\ndans un nouvel \u00e9pisode de leur s\u00e9rie Inside Ducati Lenovo<br \/>\nTeam disponible sur YouTube.<\/strong><\/p>\n<p class=\"my-0\">La course a vu Marc Marquez \u00e9crire un chapitre<br \/>\nin\u00e9dit dans l\u2019histoire de Ducati en devenant le premier pilote de<br \/>\nla marque \u00e0 remporter cinq Grands Prix cons\u00e9cutifs en cat\u00e9gorie<br \/>\nreine. Un exploit qui confirme sa domination et l\u2019excellence de la<br \/>\nmachine de Borgo Panigale. Le week-end fut \u00e9galement tr\u00e8s solide<br \/>\npour Pecco Bagnaia, qui a renou\u00e9 avec la pole position malgr\u00e9 un<br \/>\nSprint compliqu\u00e9, notamment \u00e0 cause d\u2019un probl\u00e8me \u00e9lectronique.<\/p>\n<p class=\"my-0\">Le douzi\u00e8me \u00e9pisode de la s\u00e9rie Inside Ducati<br \/>\nLenovo Team offre aux fans une plong\u00e9e exclusive dans les<br \/>\ncoulisses du GP de Tch\u00e9quie, 5 ans apr\u00e8s sa derni\u00e8re \u00e9dition. On y<br \/>\nd\u00e9couvre aussi des moments plus l\u00e9gers et personnels, comme la<br \/>\nrencontre entre les papas de Marc Marquez et Pecco Bagnaia, qui<br \/>\npartagent un moment de complicit\u00e9 et de convivialit\u00e9 dans le Parc<br \/>\nFerm\u00e9, juste apr\u00e8s que l\u2019un d\u2019entre eux ait raccompagn\u00e9 le fils de<br \/>\nl\u2019autre \u2013 victime d\u2019une chute \u2013 dans le paddock, en scooter.<\/p>\n<p>En fin d\u2019\u00e9pisode, il \u00e9tait l\u2019heure pour les membres de l\u2019\u00e9quipe<br \/>\nde se dire au revoir. Le GP de Tch\u00e9quie signait en effet, la fin de<br \/>\nla premi\u00e8re partie de saison. La tr\u00eave estivale, longue de quatre<br \/>\nsemaines, bat d\u00e9sormais son plein, avant le retour de la<br \/>\ncomp\u00e9tition, en Autriche, le week-end du 17 ao\u00fbt.<\/p>\n<p><strong>Le douzi\u00e8me \u00e9pisode de la s\u00e9rie INSIDE Ducati Lenovo<br \/>\nTeam disponible via <a href=\"https:\/\/www.youtube.com\/watch?v=93r5Yq0kFo4\" rel=\"nofollow noopener\" target=\"_blank\">ce<br \/>\nlien<\/a>.<\/strong><\/p>\n<p>\u00a0<\/p>\n<p><a href=\"https:\/\/www.paddock-gp.com\/wp-content\/uploads\/2025\/07\/54667290659_b0ff9f6de5_c.jpg\" rel=\"nofollow noopener\" target=\"_blank\"><br \/>\n<img loading=\"lazy\" decoding=\"async\" aria-describedby=\"caption-attachment-1313898\" class=\"wp-image-1313898 size-large\" src=\"https:\/\/www.europesays.com\/fr\/wp-content\/uploads\/2025\/07\/54667290659_b0ff9f6de5_c-600x400.jpg\" alt=\"MotoGP, Marquez \" width=\"600\" height=\"400\"  \/><\/a><\/p>\n<p id=\"caption-attachment-1313898\" class=\"wp-caption-text\">\u00a9<br \/>\nMichelin<\/p>\n","protected":false},"excerpt":{"rendered":"Le Grand Prix de Tch\u00e9quie \u00e0 Brno a \u00e9t\u00e9 une nouvelle \u00e9tape marquante de la saison 2025 pour&hellip;\n","protected":false},"author":2,"featured_media":271008,"comment_status":"","ping_status":"","sticky":false,"template":"","format":"standard","meta":{"footnotes":""},"categories":[1413],"tags":[1011,27,1457,1456,60],"class_list":{"0":"post-273824","1":"post","2":"type-post","3":"status-publish","4":"format-standard","5":"has-post-thumbnail","7":"category-moto","8":"tag-fr","9":"tag-france","10":"tag-moto","11":"tag-motocycle","12":"tag-sports"},"share_on_mastodon":{"url":"https:\/\/pubeurope.com\/@fr\/114916259675734924","error":""},"_links":{"self":[{"href":"https:\/\/www.europesays.com\/fr\/wp-json\/wp\/v2\/posts\/273824","targetHints":{"allow":["GET"]}}],"collection":[{"href":"https:\/\/www.europesays.com\/fr\/wp-json\/wp\/v2\/posts"}],"about":[{"href":"https:\/\/www.europesays.com\/fr\/wp-json\/wp\/v2\/types\/post"}],"author":[{"embeddable":true,"href":"https:\/\/www.europesays.com\/fr\/wp-json\/wp\/v2\/users\/2"}],"replies":[{"embeddable":true,"href":"https:\/\/www.europesays.com\/fr\/wp-json\/wp\/v2\/comments?post=273824"}],"version-history":[{"count":0,"href":"https:\/\/www.europesays.com\/fr\/wp-json\/wp\/v2\/posts\/273824\/revisions"}],"wp:featuredmedia":[{"embeddable":true,"href":"https:\/\/www.europesays.com\/fr\/wp-json\/wp\/v2\/media\/271008"}],"wp:attachment":[{"href":"https:\/\/www.europesays.com\/fr\/wp-json\/wp\/v2\/media?parent=273824"}],"wp:term":[{"taxonomy":"category","embeddable":true,"href":"https:\/\/www.europesays.com\/fr\/wp-json\/wp\/v2\/categories?post=273824"},{"taxonomy":"post_tag","embeddable":true,"href":"https:\/\/www.europesays.com\/fr\/wp-json\/wp\/v2\/tags?post=273824"}],"curies":[{"name":"wp","href":"https:\/\/api.w.org\/{rel}","templated":true}]}}