{"id":273825,"date":"2025-07-25T22:35:15","date_gmt":"2025-07-25T22:35:15","guid":{"rendered":"https:\/\/www.europesays.com\/fr\/273825\/"},"modified":"2025-07-25T22:35:15","modified_gmt":"2025-07-25T22:35:15","slug":"colapinto-espere-un-grand-prix-en-argentine-dans-les-annees-a-venir","status":"publish","type":"post","link":"https:\/\/www.europesays.com\/fr\/273825\/","title":{"rendered":"Colapinto esp\u00e8re un Grand Prix en Argentine dans les ann\u00e9es \u00e0 venir"},"content":{"rendered":"<p>Cela fait plus de 25 ans que la Formule 1 n\u2019a plus pos\u00e9 ses roues \u00e0 Buenos Aires. Mais avec l\u2019\u00e9mergence de Franco Colapinto en tant que pilote titulaire chez Alpine, l\u2019Argentine semble bien d\u00e9cid\u00e9e \u00e0 revenir dans le jeu. Le pilote de 21 ans suscite un v\u00e9ritable engouement dans son pays natal, au point de voir les instances locales travailler s\u00e9rieusement sur un retour du Grand Prix d\u2019Argentine au calendrier.<\/p>\n<blockquote>\n<p>\u201cJe trouve formidable que le MotoGP soit de retour \u00e0 Buenos Aires. C\u2019est un pays o\u00f9 les fans sont tr\u00e8s passionn\u00e9s, et c\u2019est formidable de voir un sport revenir. Bien s\u00fbr, la Formule 1 serait un peu plus difficile \u00e0 organiser l\u00e0-bas, surtout avec les changements du circuit. Je pense que c\u2019est plus pour une moto que pour une Formule 1, mais ce serait formidable \u00e0 l\u2019avenir.\u201d Explique le pilote Argentin, source : <a href=\"http:\/\/nextgen-auto.com\" rel=\"nofollow noopener\" target=\"_blank\">nextgen-auto.com<\/a>\u00a0<\/p>\n<\/blockquote>\n<p>\u00a0<\/p>\n<p>Un engouement populaire ?<\/p>\n<p>Colapinto, bien que encore en phase d\u2019apprentissage en F1, attire une nouvelle g\u00e9n\u00e9ration de supporters et rallume la passion nationale pour le sport automobile. Le retour potentiel d\u2019un Grand Prix repr\u00e9senterait un \u00e9v\u00e9nement majeur pour le pays, avec des retomb\u00e9es \u00e9conomiques et symboliques fortes.<\/p>\n<blockquote>\n<p>\u201cS\u2019ils parviennent \u00e0 y rem\u00e9dier, ce serait formidable pour les fans et pour la F1 de voir ce qu\u2019ils peuvent accomplir l\u00e0-bas. J\u2019adorerais \u00e7a. Bien s\u00fbr, c\u2019est un de mes r\u00eaves, mais cela me semble encore un peu lointain. Il reste beaucoup de travail \u00e0 faire pour que la F1 y arrive, mais ce serait formidable si cela devenait r\u00e9alit\u00e9 \u00e0 l\u2019avenir.\u201d D\u00e9clare Colapinto, source : <a href=\"http:\/\/nextgen-auto.com\" rel=\"nofollow noopener\" target=\"_blank\">nextgen-auto.com<\/a>\u00a0<\/p>\n<\/blockquote>\n<p>Pour Colapinto, l\u2019id\u00e9e de courir un jour devant son public pourrait \u00eatre une source de motivation suppl\u00e9mentaire. Actuellement sous pression pour am\u00e9liorer ses performances chez Alpine, il voit ce projet comme un moteur positif.<\/p>\n<p>    Partagez cette info avec vos amis et vos proches en cliquant ici  <\/p>\n<p> Podcasts \u00e0 la une MEN LIFE <\/p>\n<p>    F1 : Colapinto r\u00eave d\u2019un retour de la Formule 1 en Argentine<\/p>\n<p>Franco Colapinto, premier pilote argentin titulaire en Formule 1 depuis des d\u00e9cennies, nourrit l\u2019espoir de raviver la passion du public en soutenant activement un retour du Grand Prix d\u2019Argentine au calendrier de la cat\u00e9gorie reine.<\/p>\n<p>R\u00e9dacteur<\/p>\n<p><img decoding=\"async\" width=\"76\" height=\"76\" loading=\"lazy\" src=\"https:\/\/www.europesays.com\/fr\/wp-content\/uploads\/2025\/04\/avatar-sport-am.png\" alt=\"Victor Teyssier\"\/><\/p>\n","protected":false},"excerpt":{"rendered":"Cela fait plus de 25 ans que la Formule 1 n\u2019a plus pos\u00e9 ses roues \u00e0 Buenos Aires.&hellip;\n","protected":false},"author":2,"featured_media":273826,"comment_status":"","ping_status":"","sticky":false,"template":"","format":"standard","meta":{"footnotes":""},"categories":[1412],"tags":[1451,1452,1453,1454,1455,1011,27,60],"class_list":{"0":"post-273825","1":"post","2":"type-post","3":"status-publish","4":"format-standard","5":"has-post-thumbnail","7":"category-f1","8":"tag-f1","9":"tag-formula-1","10":"tag-formula1","11":"tag-formule-1","12":"tag-formule1","13":"tag-fr","14":"tag-france","15":"tag-sports"},"share_on_mastodon":{"url":"https:\/\/pubeurope.com\/@fr\/114916264174975059","error":""},"_links":{"self":[{"href":"https:\/\/www.europesays.com\/fr\/wp-json\/wp\/v2\/posts\/273825","targetHints":{"allow":["GET"]}}],"collection":[{"href":"https:\/\/www.europesays.com\/fr\/wp-json\/wp\/v2\/posts"}],"about":[{"href":"https:\/\/www.europesays.com\/fr\/wp-json\/wp\/v2\/types\/post"}],"author":[{"embeddable":true,"href":"https:\/\/www.europesays.com\/fr\/wp-json\/wp\/v2\/users\/2"}],"replies":[{"embeddable":true,"href":"https:\/\/www.europesays.com\/fr\/wp-json\/wp\/v2\/comments?post=273825"}],"version-history":[{"count":0,"href":"https:\/\/www.europesays.com\/fr\/wp-json\/wp\/v2\/posts\/273825\/revisions"}],"wp:featuredmedia":[{"embeddable":true,"href":"https:\/\/www.europesays.com\/fr\/wp-json\/wp\/v2\/media\/273826"}],"wp:attachment":[{"href":"https:\/\/www.europesays.com\/fr\/wp-json\/wp\/v2\/media?parent=273825"}],"wp:term":[{"taxonomy":"category","embeddable":true,"href":"https:\/\/www.europesays.com\/fr\/wp-json\/wp\/v2\/categories?post=273825"},{"taxonomy":"post_tag","embeddable":true,"href":"https:\/\/www.europesays.com\/fr\/wp-json\/wp\/v2\/tags?post=273825"}],"curies":[{"name":"wp","href":"https:\/\/api.w.org\/{rel}","templated":true}]}}