{"id":273827,"date":"2025-07-25T22:36:17","date_gmt":"2025-07-25T22:36:17","guid":{"rendered":"https:\/\/www.europesays.com\/fr\/273827\/"},"modified":"2025-07-25T22:36:17","modified_gmt":"2025-07-25T22:36:17","slug":"tdf-tour-de-france-florian-lipowitz-quand-jai-vu-oscar-onley-distance","status":"publish","type":"post","link":"https:\/\/www.europesays.com\/fr\/273827\/","title":{"rendered":"TDF. Tour de France &#8211; Florian Lipowitz : \u00abQuand j\u2019ai vu Oscar Onley distanc\u00e9\u2026\u00bb"},"content":{"rendered":"<p>C&rsquo;\u00e9tait s\u00fbrement l&rsquo;\u00e9tape d\u00e9cisive pour la lutte pour le podium entre <strong><a href=\"https:\/\/www.cyclismactu.net\/..\/news-tour-de-france-route-florian-lipowitz-ce-vendredi-on-fera-un-plan-89207.html\" target=\"_blank\" rel=\"nofollow noopener\">Florian Lipowitz<\/a>\u00a0<\/strong>(Red Bull BORA-Hansgrohe) et <strong>Oscar Onley<\/strong> (Team PicNic PostNL). Au terme d&rsquo;une \u00e9tape raccourcie de 93km entre Albertville et La Plagne, cette bagarre pour le podium, et par cons\u00e9quent pour le Maillot Blanc de meilleur jeune, fut \u00e0 l&rsquo;avantage de l&rsquo;Allemand, qui a distanc\u00e9 le Britannique dans les derniers kilom\u00e8tres d&rsquo;ascension. \u00ab\u00a0Je pense qu&rsquo;on fera un plan pour demain [vendredi]\u00a0\u00bb, expliquait <strong>Lipowitz<\/strong> au micro de l&rsquo;organisation la veille \u00e0 Courchevel. Avec un <strong>Primoz Roglic<\/strong> (Red Bull BORA-Hansgrohe) offensif en d\u00e9but d&rsquo;\u00e9tape, puis compl\u00e8tement \u00e0 l&rsquo;arr\u00eat une fois repris par le peloton, le \u00ab\u00a0plan\u00a0\u00bb ne s&rsquo;est peut-\u00eatre pas pass\u00e9 comme pr\u00e9vu pour la formation allemande. En tout cas, pour <strong>Florian Lipowitz<\/strong>, le podium est quasiment dans la poche, puisque le coureur de 24 ans compte d\u00e9sormais plus d&rsquo;une minute d&rsquo;avance sur <strong>Onley<\/strong>. Le Maillot Blanc de ce <strong>Tour<\/strong> s&rsquo;est exprim\u00e9 au micro de l&rsquo;organisation, apr\u00e8s cette 19e \u00e9tape.<\/p>\n<p>\u00a0<\/p>\n<p><strong>\u00ab\u00a0C\u2019est incroyable d\u2019en \u00eatre l\u00e0 \u00e0 deux jours de l\u2019arriv\u00e9e&#8230;\u00a0\u00bb<\/strong><\/p>\n<p>\u00ab\u00a0Je savais apr\u00e8s l\u2019\u00e9tape d\u2019hier qu\u2019Oscar [Onley] \u00e9tait tr\u00e8s fort\u00a0\u00bb, commence le 3e du g\u00e9n\u00e9ral. \u00ab\u00a0Je devais garder sa roue et c\u2019est ce que j\u2019ai r\u00e9ussi \u00e0 faire correctement aujourd\u2019hui. Dans la derni\u00e8re ascension, on ne sait jamais exactement comment sont nos jambes. Mais apr\u00e8s 5 ou 6 kilom\u00e8tres, je me sentais toujours bien. Et quand je l\u2019ai vu distanc\u00e9, j\u2019ai essay\u00e9 de tout donner jusqu\u2019\u00e0 la fin. C\u2019est incroyable d\u2019en \u00eatre l\u00e0 \u00e0 deux jours de l\u2019arriv\u00e9e, mais je sais qu\u2019on aura encore une journ\u00e9e tr\u00e8s difficile, avec tout le monde qui voudra partir dans l\u2019\u00e9chapp\u00e9e. Je dois encore rester tr\u00e8s concentr\u00e9. Mais je vois tellement de gens qui m\u2019encouragent, mon nom \u00e9crit sur la route\u2026 tout cela me donne des frissons\u00a0\u00bb, conclut <strong>Florian Lipowitz<\/strong>, au micro de l&rsquo;organisation.<\/p>\n<p>Tour de France &#8211; Classement de la 19\u00e8 \u00e9tape Tour de France &#8211; Classement g\u00e9n\u00e9ral provisoire apr\u00e8s la 19\u00e8 \u00e9tapeDANS LA M\u00caME CAT\u00c9GORIEA LA UNE<\/p>\n","protected":false},"excerpt":{"rendered":"C&rsquo;\u00e9tait s\u00fbrement l&rsquo;\u00e9tape d\u00e9cisive pour la lutte pour le podium entre Florian Lipowitz\u00a0(Red Bull BORA-Hansgrohe) et Oscar Onley&hellip;\n","protected":false},"author":2,"featured_media":273828,"comment_status":"","ping_status":"","sticky":false,"template":"","format":"standard","meta":{"footnotes":""},"categories":[1411],"tags":[1154,207,211,1011,27,209,60,210,212,208,213],"class_list":{"0":"post-273827","1":"post","2":"type-post","3":"status-publish","4":"format-standard","5":"has-post-thumbnail","7":"category-cyclisme","8":"tag-cycling","9":"tag-cyclisme","10":"tag-ffc","11":"tag-fr","12":"tag-france","13":"tag-route","14":"tag-sports","15":"tag-tour-de-france","16":"tag-uci","17":"tag-velo","18":"tag-world-tour"},"share_on_mastodon":{"url":"https:\/\/pubeurope.com\/@fr\/114916267374962401","error":""},"_links":{"self":[{"href":"https:\/\/www.europesays.com\/fr\/wp-json\/wp\/v2\/posts\/273827","targetHints":{"allow":["GET"]}}],"collection":[{"href":"https:\/\/www.europesays.com\/fr\/wp-json\/wp\/v2\/posts"}],"about":[{"href":"https:\/\/www.europesays.com\/fr\/wp-json\/wp\/v2\/types\/post"}],"author":[{"embeddable":true,"href":"https:\/\/www.europesays.com\/fr\/wp-json\/wp\/v2\/users\/2"}],"replies":[{"embeddable":true,"href":"https:\/\/www.europesays.com\/fr\/wp-json\/wp\/v2\/comments?post=273827"}],"version-history":[{"count":0,"href":"https:\/\/www.europesays.com\/fr\/wp-json\/wp\/v2\/posts\/273827\/revisions"}],"wp:featuredmedia":[{"embeddable":true,"href":"https:\/\/www.europesays.com\/fr\/wp-json\/wp\/v2\/media\/273828"}],"wp:attachment":[{"href":"https:\/\/www.europesays.com\/fr\/wp-json\/wp\/v2\/media?parent=273827"}],"wp:term":[{"taxonomy":"category","embeddable":true,"href":"https:\/\/www.europesays.com\/fr\/wp-json\/wp\/v2\/categories?post=273827"},{"taxonomy":"post_tag","embeddable":true,"href":"https:\/\/www.europesays.com\/fr\/wp-json\/wp\/v2\/tags?post=273827"}],"curies":[{"name":"wp","href":"https:\/\/api.w.org\/{rel}","templated":true}]}}