{"id":273831,"date":"2025-07-25T22:38:10","date_gmt":"2025-07-25T22:38:10","guid":{"rendered":"https:\/\/www.europesays.com\/fr\/273831\/"},"modified":"2025-07-25T22:38:10","modified_gmt":"2025-07-25T22:38:10","slug":"ce-quon-va-faire-cet-ete-sophie-ferjani-brise-le-silence-des-nouvelles-inattendues-de-stephane-plaza","status":"publish","type":"post","link":"https:\/\/www.europesays.com\/fr\/273831\/","title":{"rendered":"\u00ab\u00a0Ce qu&rsquo;on va faire cet \u00e9t\u00e9\u00a0\u00bb : Sophie Ferjani brise le silence, des nouvelles inattendues de St\u00e9phane Plaza"},"content":{"rendered":"<p>      R\u00e9sum\u00e9<\/p>\n<p>Sophie Ferjani annonce son retour dans un nouveau programme \u00e0 la rentr\u00e9e et partage des nouvelles rassurantes de St\u00e9phane Plaza, indiquant qu\u2019il va bien et pr\u00e9pare l\u2019\u00e9t\u00e9.<\/p>\n<p>        Sommaire<\/p>\n<p>Il a \u00ab\u00a0repris le taureau par les cornes\u00a0\u00bb et reste son \u00ab\u00a0ami\u00a0\u00bb. Plusieurs mois apr\u00e8s la condamnation de <a href=\"https:\/\/www.public.fr\/tag\/stephane-plaza\" target=\"_blank\" rel=\"noopener\">St\u00e9phane Plaza<\/a> et sa disparition de la t\u00e9l\u00e9vision, Sophie Ferjani a donn\u00e9 quelques nouvelles r\u00e9centes de son acolyte.<\/p>\n<p>La d\u00e9coratrice d\u2019int\u00e9rieur a disparu des \u00e9crans de t\u00e9l\u00e9vision au m\u00eame moment que l\u2019agent immobilier et animateur, en f\u00e9vrier dernier. Et pour cause, St\u00e9phane Plaza a vu <a href=\"https:\/\/www.public.fr\/stephane-plaza-deprogramme-il-touche-toujours-de-largent-de-m6\" target=\"_blank\" rel=\"noopener\">ses \u00e9missions d\u00e9programm\u00e9es<\/a> par M6 apr\u00e8s sa condamnation \u00e0 un an de prison avec sursis pour violences conjugales. Le principal int\u00e9ress\u00e9 a, depuis, fait appel de la d\u00e9cision de justice et reste pr\u00e9sum\u00e9 innocent.\u00a0<\/p>\n<p>N\u00e9anmoins, ne plus appara\u00eetre sur le petit \u00e9cran reste une situation in\u00e9dite pour Sophie Ferjani, \u00e0 la t\u00e9l\u00e9vision depuis pr\u00e8s de 20 ans avec le c\u00e9l\u00e8bre agent immobilier. En effet, celle-ci fait partie des \u00e9quipes de\u00a0<strong>\u00ab\u00a0Maison \u00e0 vendre\u00a0\u00bb<\/strong>\u00a0depuis son lancement en 2007.<\/p>\n<p>Sophie Ferjani enfin de retour \u00e0 la t\u00e9l\u00e9vision<\/p>\n<p>En plus de ce programme, elle appara\u00eet \u00e9galement dans de nombreuses autres \u00e9missions de M6 telles que <strong>\u00ab\u00a0100\u00a0% D\u00e9co\u00a0\u00bb, \u00ab\u00a0Tout changer ou d\u00e9m\u00e9nager\u00a0\u00bb, \u00ab\u00a0D&amp;CO\u00a0\u00bb<\/strong>\u00a0et certaines des \u00e9missions de St\u00e9phane Plaza. Et d\u00e9sormais, ce sera dans un tout nouveau programme que les t\u00e9l\u00e9spectateurs vont pouvoir la retrouver.<\/p>\n<p>\u00c0 partir du 4 ao\u00fbt 2025, Sophie Ferjani va en effet accompagner <a href=\"https:\/\/www.public.fr\/tag\/stephane-rotenberg\" target=\"_blank\" rel=\"noopener\">St\u00e9phane Rotenberg<\/a> et Laurent Jacquet <a href=\"https:\/\/www.public.fr\/sophie-ferjani-lex-acolyte-de-stephane-plaza-choisit-stephane-rotenberg-on-sait-enfin-quand-leur-emission-sera-diffusee\" target=\"_blank\" rel=\"noopener\">dans <strong>\u00ab\u00a0Ma r\u00e9novation est la plus belle de France\u00a0\u00bb<\/strong><\/a>. Dans ce nouveau projet, l\u2019acolyte de St\u00e9phane Plaza va sillonner la France pour rencontrer plusieurs foyers ayant r\u00e9alis\u00e9 eux-m\u00eames leur r\u00e9novation.\u00a0<\/p>\n<p>La d\u00e9coratrice d\u2019int\u00e9rieur et ses acolyte, accompagn\u00e9s d\u2019un comit\u00e9 d\u2019expert, noteront par la suite leur avis alors que les t\u00e9l\u00e9spectateurs pourront voter en direct. Et qui sait, peut-\u00eatre que Sophie Ferjani pr\u00e9pare \u00e9galement un autre projet, en dehors de la t\u00e9l\u00e9vision, avec son ami et acolyte St\u00e9phane Plaza.<\/p>\n<p>Elle donne des nouvelles de son ami St\u00e9phane Plaza<\/p>\n<p><a href=\"https:\/\/www.telestar.fr\/people\/exclu-sophie-ferjani-il-a-repris-elle-donne-des-nouvelles-de-stephane-plaza-et-cest-cash-1732712\" target=\"_blank\" rel=\"noopener\">Dans un entretien pour T\u00e9l\u00e9star<\/a>, \u00e0 para\u00eetre ce lundi 28 juillet 2025 en kiosques, la d\u00e9coratrice d\u2019int\u00e9rieur a justement r\u00e9v\u00e9l\u00e9 <strong>avoir eu des nouvelles de l\u2019agent immobilier<\/strong> et pr\u00e9sentateur. Et \u00e0 en croire ses r\u00e9v\u00e9lations, celles-ci semblent plut\u00f4t encourageantes.\u00a0<\/p>\n<p>\u00ab\u00a0St\u00e9phane est et reste mon ami. <strong>On s\u2019appelle de temps en temps<\/strong>\u00ab\u00a0, confie-t-elle \u00e0 nos confr\u00e8res avant de d\u00e9tailler le contenu de leurs conversations : <strong>\u00ab\u00a0On se dit ce qu\u2019on va faire cet \u00e9t\u00e9\u00a0\u00bb<\/strong>. <\/p>\n<p><strong>\u00ab\u00a0Il a repris le taureau par les cornes. Tout va bien\u00a0\u00bb,<\/strong> assure-t-elle par la suite afin de rassurer les fans de St\u00e9phane Plaza concernant sa sant\u00e9 et son \u00e9tat mental.<\/p>\n<p>      Mentionn\u00e9s dans cet article<\/p>\n<p>\u00c0 lire aussi<\/p>\n","protected":false},"excerpt":{"rendered":"R\u00e9sum\u00e9 Sophie Ferjani annonce son retour dans un nouveau programme \u00e0 la rentr\u00e9e et partage des nouvelles rassurantes&hellip;\n","protected":false},"author":2,"featured_media":273832,"comment_status":"","ping_status":"","sticky":false,"template":"","format":"standard","meta":{"footnotes":""},"categories":[1359],"tags":[58,59,1011,27,494,32365,973,39707,7221],"class_list":{"0":"post-273831","1":"post","2":"type-post","3":"status-publish","4":"format-standard","5":"has-post-thumbnail","7":"category-people","8":"tag-divertissement","9":"tag-entertainment","10":"tag-fr","11":"tag-france","12":"tag-m6","13":"tag-maison-a-vendre","14":"tag-people","15":"tag-sophie-ferjani","16":"tag-stephane-plaza"},"share_on_mastodon":{"url":"https:\/\/pubeurope.com\/@fr\/114916275285787692","error":""},"_links":{"self":[{"href":"https:\/\/www.europesays.com\/fr\/wp-json\/wp\/v2\/posts\/273831","targetHints":{"allow":["GET"]}}],"collection":[{"href":"https:\/\/www.europesays.com\/fr\/wp-json\/wp\/v2\/posts"}],"about":[{"href":"https:\/\/www.europesays.com\/fr\/wp-json\/wp\/v2\/types\/post"}],"author":[{"embeddable":true,"href":"https:\/\/www.europesays.com\/fr\/wp-json\/wp\/v2\/users\/2"}],"replies":[{"embeddable":true,"href":"https:\/\/www.europesays.com\/fr\/wp-json\/wp\/v2\/comments?post=273831"}],"version-history":[{"count":0,"href":"https:\/\/www.europesays.com\/fr\/wp-json\/wp\/v2\/posts\/273831\/revisions"}],"wp:featuredmedia":[{"embeddable":true,"href":"https:\/\/www.europesays.com\/fr\/wp-json\/wp\/v2\/media\/273832"}],"wp:attachment":[{"href":"https:\/\/www.europesays.com\/fr\/wp-json\/wp\/v2\/media?parent=273831"}],"wp:term":[{"taxonomy":"category","embeddable":true,"href":"https:\/\/www.europesays.com\/fr\/wp-json\/wp\/v2\/categories?post=273831"},{"taxonomy":"post_tag","embeddable":true,"href":"https:\/\/www.europesays.com\/fr\/wp-json\/wp\/v2\/tags?post=273831"}],"curies":[{"name":"wp","href":"https:\/\/api.w.org\/{rel}","templated":true}]}}