{"id":273839,"date":"2025-07-25T22:42:14","date_gmt":"2025-07-25T22:42:14","guid":{"rendered":"https:\/\/www.europesays.com\/fr\/273839\/"},"modified":"2025-07-25T22:42:14","modified_gmt":"2025-07-25T22:42:14","slug":"les-jonas-brothers-etaient-tres-mal-a-laise-face-aux-questions-sur-leur-sexualite-a-ladolescence","status":"publish","type":"post","link":"https:\/\/www.europesays.com\/fr\/273839\/","title":{"rendered":"Les Jonas Brothers \u00e9taient tr\u00e8s mal \u00e0 l\u2019aise face aux questions sur leur sexualit\u00e9 \u00e0 l\u2019adolescence"},"content":{"rendered":"<p>Il y a des histoires qui collent \u00e0 la peau\u2026 m\u00eame 25 ans plus tard\u00a0! Ainsi les Jonas Brothers, qui f\u00eatent leurs 20 ans de carri\u00e8re avec <a href=\"https:\/\/www.20minutes.fr\/arts-stars\/people\/4145703-20250330-jonas-brothers-disent-plus-tournee-celebrant-20-ans-groupe\" rel=\"nofollow noopener\" target=\"_blank\" class=\"color-ultramarine c-link\">une tourn\u00e9e<\/a>, sont encore parfois ramen\u00e9s \u00e0 l\u2019image de leurs d\u00e9buts dans les ann\u00e9es\u00a02000, alors qu\u2019ils \u00e9taient adolescents. Aujourd\u2019hui \u00e2g\u00e9s d\u2019une trentaine d\u2019ann\u00e9es, les <a href=\"https:\/\/www.20minutes.fr\/arts-stars\/people\/2467515-20190310-jonas-brothers-therapie-avant-reformer\" rel=\"nofollow noopener\" target=\"_blank\" class=\"color-ultramarine c-link\">trois fr\u00e8res<\/a> ont pris un peu de recul par rapport au tourbillon qui les a assaillis au sujet de leur image. Heureusement, le regard que posent sur eux les m\u00e9dias et les fans a \u00e9galement chang\u00e9.<\/p>\n<p>Les artistes n\u2019ont jamais fait myst\u00e8re de leurs racines chr\u00e9tiennes \u00e9vang\u00e9liques avec leur p\u00e8re, Kevin Jonas Sr, un pasteur principal \u00e0 l\u2019Assembly of God. Ces Assembl\u00e9es (de Dieu) sont une d\u00e9nomination pentec\u00f4tiste du christianisme. \u00ab\u00a0Nous \u00e9tions connus pour nos bagues de puret\u00e9, qui \u00e9taient courantes dans notre communaut\u00e9 religieuse\u00a0\u00bb, a ainsi pr\u00e9cis\u00e9 <a href=\"https:\/\/www.20minutes.fr\/arts-stars\/people\/4107312-20240831-joe-jonas-revient-flop-fastlife-premier-album-solo\" rel=\"nofollow noopener\" target=\"_blank\" class=\"color-ultramarine c-link\">Joe Jonas<\/a>, 35 ans, au micro du podcast Podcrushed de Penn Badgley auquel participaient aussi Kevin et Nick Jonas.<\/p>\n<p>\u00ab\u00a0Tout le monde \u00e0 notre \u00e2ge, vers 10 ou 11 ans, disait\u00a0: \u201cNous allons attendre la bonne personne\u201d\u00a0\u00bb, s\u2019est-il <a href=\"https:\/\/www.youtube.com\/watch?v=0qzx8uPl2Kc&amp;t=2469s\" rel=\"nofollow noopener\" target=\"_blank\" class=\"color-ultramarine c-link\">rappel\u00e9<\/a>. \u00ab\u00a0Quand tu as 15 ou 16 ans, quelqu\u2019un te pose une question \u00e0 ce sujet pendant une interview, et tu r\u00e9ponds\u00a0: \u201cJe ne veux pas en parler\u201d et l\u00e0, on te dit\u00a0: \u201cBon, je vais \u00e9crire que vous faites partie d\u2019une secte\u201d. Et tu te dis\u00a0: \u201cBon, on va en parler\u201d\u00a0\u00bb. Ce qui amenait la fratrie sur un terrain personnel g\u00eanant et des questions auxquelles les jeunes stars n\u2019\u00e9taient pas pr\u00e9par\u00e9es.<\/p>\n<p>\u00ab\u00a0Impensable aujourd\u2019hui\u00a0\u00bb<\/p>\n<p>\u00ab\u00a0Qu\u2019il s\u2019agisse de sexe, de religion ou m\u00eame du christianisme, (on nous posait) des questions telles que\u00a0: \u201cCrois-tu en Dieu\u00a0? Qu\u2019est-ce que Dieu\u00a0? Dieu existe-t-il vraiment\u00a0?\u201d Et tout \u00e7a \u00e9tait enregistr\u00e9\u00a0\u00bb, s\u2019est-il souvenu. \u00ab\u00a0On ressentait la pression de devoir vivre cette vie parce qu\u2019on l\u2019avait en quelque sorte dit dans un magazine\u00a0\u00bb, reconna\u00eet le deuxi\u00e8me de la fratrie. \u00ab\u00a0Et comme c\u2019\u00e9tait imprim\u00e9, on devait s\u2019y tenir pour toujours. C\u2019\u00e9tait effrayant et \u00e7a nous rendait dingues, jusqu\u2019\u00e0 ce qu\u2019on se dise \u00ab\u00a0merde, on s\u2019en fout.\u00a0\u00bb<\/p>\n<p>Pour <a href=\"https:\/\/www.20minutes.fr\/arts-stars\/people\/4144332-20250319-nick-cannon-verrait-bien-redevenir-pere-nick-jonas-passe-bon-temps-fille\" rel=\"nofollow noopener\" target=\"_blank\" class=\"color-ultramarine c-link\">Nick Jonas<\/a>, 32 ans, le temps a permis \u00e0 tout le monde de passer \u00e0 autre chose et c\u2019est \u00ab\u00a0une tr\u00e8s bonne chose\u00a0\u00bb. Aujourd\u2019hui, selon lui, il serait impensable \u00ab\u00a0de demander \u00e0 un adolescent de 14 ans des d\u00e9tails sur sa vie sexuelle\u00a0\u00bb. Et il est vrai que depuis des victimes collat\u00e9rales de l\u2019\u00e9poque telles que Britney Spears ou Justin Bieber, propuls\u00e9s eux aussi dans un monde d\u2019adultes malgr\u00e9 eux, on prot\u00e8ge davantage les enfants stars.<\/p>\n","protected":false},"excerpt":{"rendered":"Il y a des histoires qui collent \u00e0 la peau\u2026 m\u00eame 25 ans plus tard\u00a0! Ainsi les Jonas&hellip;\n","protected":false},"author":2,"featured_media":273840,"comment_status":"","ping_status":"","sticky":false,"template":"","format":"standard","meta":{"footnotes":""},"categories":[1355],"tags":[1696,4296,58,59,1011,27,2705,1361,873,973,133],"class_list":{"0":"post-273839","1":"post","2":"type-post","3":"status-publish","4":"format-standard","5":"has-post-thumbnail","7":"category-musique","8":"tag-chanteur","9":"tag-christianisme","10":"tag-divertissement","11":"tag-entertainment","12":"tag-fr","13":"tag-france","14":"tag-groupe","15":"tag-music","16":"tag-musique","17":"tag-people","18":"tag-video"},"share_on_mastodon":{"url":"https:\/\/pubeurope.com\/@fr\/114916291001411179","error":""},"_links":{"self":[{"href":"https:\/\/www.europesays.com\/fr\/wp-json\/wp\/v2\/posts\/273839","targetHints":{"allow":["GET"]}}],"collection":[{"href":"https:\/\/www.europesays.com\/fr\/wp-json\/wp\/v2\/posts"}],"about":[{"href":"https:\/\/www.europesays.com\/fr\/wp-json\/wp\/v2\/types\/post"}],"author":[{"embeddable":true,"href":"https:\/\/www.europesays.com\/fr\/wp-json\/wp\/v2\/users\/2"}],"replies":[{"embeddable":true,"href":"https:\/\/www.europesays.com\/fr\/wp-json\/wp\/v2\/comments?post=273839"}],"version-history":[{"count":0,"href":"https:\/\/www.europesays.com\/fr\/wp-json\/wp\/v2\/posts\/273839\/revisions"}],"wp:featuredmedia":[{"embeddable":true,"href":"https:\/\/www.europesays.com\/fr\/wp-json\/wp\/v2\/media\/273840"}],"wp:attachment":[{"href":"https:\/\/www.europesays.com\/fr\/wp-json\/wp\/v2\/media?parent=273839"}],"wp:term":[{"taxonomy":"category","embeddable":true,"href":"https:\/\/www.europesays.com\/fr\/wp-json\/wp\/v2\/categories?post=273839"},{"taxonomy":"post_tag","embeddable":true,"href":"https:\/\/www.europesays.com\/fr\/wp-json\/wp\/v2\/tags?post=273839"}],"curies":[{"name":"wp","href":"https:\/\/api.w.org\/{rel}","templated":true}]}}