{"id":273841,"date":"2025-07-25T22:43:11","date_gmt":"2025-07-25T22:43:11","guid":{"rendered":"https:\/\/www.europesays.com\/fr\/273841\/"},"modified":"2025-07-25T22:43:11","modified_gmt":"2025-07-25T22:43:11","slug":"tout-ce-que-le-film-ne-dit-pas-sur-galactus-grand-mechant-des-4-fantastiques","status":"publish","type":"post","link":"https:\/\/www.europesays.com\/fr\/273841\/","title":{"rendered":"Tout ce que le film ne dit pas sur Galactus, grand m\u00e9chant des 4 Fantastiques"},"content":{"rendered":"<p>          Un humain \u00e0 la base, une entit\u00e9 cosmique de premier ordre \u00e0 l\u2019arriv\u00e9e <\/p>\n<p><a href=\"https:\/\/www.journaldugeek.com\/critique\/critique-les-4-fantastiques-marvel-y-croit-encore-et-nous\/\" target=\"_blank\" rel=\"noopener\">Si vous avez vu Les 4 Fantastiques\u00a0: Premiers pas<\/a>, vous avez pu appr\u00e9cier les premiers pas (de g\u00e9ant) de <strong>Galactus dans le MCU<\/strong>. Ceux-ci sont prometteurs, pleins d\u2019enjeux et soul\u00e8vent, finalement, d\u00e9j\u00e0 pas mal de questions. Une phrase, notamment, prononc\u00e9e par le D\u00e9voreur de mondes, est loin d\u2019\u00eatre anodine. Alors que les Quatre Fantastiques se pr\u00e9sentent face \u00e0 lui pour n\u00e9gocier la survie de la Terre, ce dernier, dans toute son immensit\u00e9, leur affirme que \u201cjadis, il \u00e9tait aussi petit qu\u2019eux.\u201d<\/p>\n<p> <img loading=\"lazy\" decoding=\"async\" class=\"size-full wp-image-50562579\" src=\"https:\/\/www.europesays.com\/fr\/wp-content\/uploads\/2025\/07\/Galactus-1.jpg\" alt=\"Galactus\" width=\"1920\" height=\"1280\"  \/>\u00a9 Marvel Studios <\/p>\n<p>Cette phrase renvoie directement aux origines du personnage. <strong>Avant d\u2019\u00eatre une entit\u00e9 cosmique de premier plan, Galactus \u00e9tait un \u00eatre vivant. Un humain. Il r\u00e9pondait au nom de Galan, un scientifique de la plan\u00e8te Taa<\/strong>. Celle-ci faisait partie d\u2019un univers en train de sombrer suite \u00e0 une catastrophe cosmique, provoquant le Big Crunch, par d\u00e9finition, l\u2019inverse du Big Bang. Plut\u00f4t que de rester sans rien faire, Galan d\u00e9cide de partir en voyage dans l\u2019espace pour comprendre le cataclysme en cours, dans l\u2019espoir de l\u2019inverser. <strong>Le scientifique d\u00e9couvre alors une entit\u00e9, la Conscience de l\u2019Univers et fusionne avec elle, absorbant par la m\u00eame l\u2019\u00e9quivalent \u00e9nerg\u00e9tique du Big Bang. Galan d\u00e9rive pendant des milliards d\u2019ann\u00e9es dans un \u0153uf cosmique, avant d\u2019\u00e9merger sous une nouvelle forme, celle de Galactus, l\u2019entit\u00e9 cosmique que l\u2019on connait bien dans les comics Marvel.<\/strong><\/p>\n<p> Un \u00eatre qui peut changer sa taille <\/p>\n<p>Cette donn\u00e9e a, semble-t-il, g\u00ean\u00e9 pas mal de monde et <a href=\"https:\/\/www.journaldugeek.com\/dossier\/les-quatre-fantastiques-personnage-mysterieux-galactus-ce-quil-faut-comprendre-du-teaser\/\" target=\"_blank\" rel=\"noopener\">lors de nos visionnages de The Fantastic Four en salles<\/a>, cela a aussi fait d\u00e9bat. La taille et le gigantisme de Galactus dans le film semblent en de\u00e7\u00e0 des attentes d\u2019un certain public. Pourtant, c\u2019est bien sous une forme gigantesque que <strong>Reed Richards, Susan Storm, Johnny Storm et Ben Grimm<\/strong> font sa connaissance dans l\u2019immensit\u00e9 de l\u2019espace.<\/p>\n<\/p>\n<p>    <a href=\"https:\/\/www.youtube.com\/user\/JournalduGeek?sub_confirmation=1\" target=\"_blank\" rel=\"nofollow noopener\"><br \/>\n        S&rsquo;abonner \u00e0 Journal du Geek<br \/>\n    <\/a> <\/p>\n<p>Il faut savoir que dans les comics, la taille de Galactus a beaucoup \u00e9volu\u00e9. Et la gestion de son corps fait partie des pouvoirs de l\u2019entit\u00e9 cosmique, capable d\u2019\u00eatre aussi immense que l\u2019a \u00e9t\u00e9 Arishem dans le film Les \u00c9ternels (\u00e0 tel point que certains pensaient m\u00eame qu\u2019il s\u2019agissait de Galactus himself). <strong>En clair\u00a0? Selon ses besoins et son plan d\u2019action, l\u2019int\u00e9ress\u00e9 peut varier sa taille. En l\u2019occurrence, sa taille est r\u00e9duite dans le film pour lui permettre d\u2019arriver sur Terre et de partir \u00e0 la recherche de Franklin Richards, le fils de Reed et de Susan.<\/strong><\/p>\n<p> Pas v\u00e9ritablement un m\u00e9chant, une victime m\u00eame plut\u00f4t (de lui-m\u00eame) <\/p>\n<p>Sur le papier, <strong>Galactus<\/strong> a tout du m\u00e9chant. Apr\u00e8s tout, son hobby, c\u2019est de d\u00e9vorer des plan\u00e8tes et, donc, de r\u00e9duire des civilisations et des mondes \u00e0 n\u00e9ant. Sauf que c\u2019est un peu plus complexe que \u00e7a. <strong>Galactus est un \u00eatre \u00e0 l\u2019app\u00e9tit insatiable. Il a tout le temps faim et la seule nourriture que son organisme cosmique peut ing\u00e9rer, ce sont\u2026 des plan\u00e8tes. Il mange donc pour vivre et ne d\u00e9vore pas des plan\u00e8tes pour son plaisir.<\/strong> C\u2019est d\u2019ailleurs pour cela qu\u2019il engage des <strong>H\u00e9rauts<\/strong>, tels que <strong>le Surfeur ou la Surfeuse d\u2019Argent<\/strong>. Ils laissent \u00e0 ces derniers le soin de s\u00e9lectionner des plan\u00e8tes peu habit\u00e9es ou peu d\u00e9velopp\u00e9es pour satisfaire sa faim. Avec la capacit\u00e9 qu\u2019a Franklin Richards de cr\u00e9er des univers, non seulement Galactus voit en lui une solution \u00e0 court terme pour ses soucis de nourriture mais il en voit aussi en lui un potentiel successeur. <strong>On le comprend dans le film\u00a0: l\u2019entit\u00e9 cosmique est fatigu\u00e9e de son r\u00f4le et de son statut.<\/strong><\/p>\n<\/p>\n<p>On parle bien de r\u00f4le, puisque <strong>Galactus<\/strong>, aussi d\u00e9vastateur soit-il pour l\u2019univers et certains univers, est indispensable \u00e0 l\u2019\u00e9quilibre cosmique. En quelque sorte, en avalant des plan\u00e8tes, il permet d\u2019\u00e9viter un d\u00e9veloppement excessif de la vie dans certains recoins de l\u2019univers. <strong>D\u2019ailleurs, il fait partie du Tribunal Cosmique, o\u00f9 il si\u00e8ge entre les entit\u00e9s \u00c9ternit\u00e9 et Mort, faisant office de balance n\u00e9cessaire et judicieuse entre les deux. Galactus est donc indispensable et, comme le dirait tr\u00e8s bien Thanos, in\u00e9luctable, aussi.<\/strong><\/p>\n<p> Le VRAI boss final du MCU\u00a0? <\/p>\n<p>Les pouvoirs de <strong>Galactus<\/strong> sont nombreux et effrayants. On vous en a list\u00e9 quelques-uns\u00a0: <strong>il peut remodeler la mati\u00e8re, absorber la vie et toute forme d\u2019\u00e9nergie, d\u00e9truire et recr\u00e9er toute forme de vie, communiquer par t\u00e9l\u00e9pathie, sonder la pens\u00e9e des \u00eatres vivants et a un niveau de compr\u00e9hension des choses et de l\u2019univers sans pareil, maitrise la t\u00e9l\u00e9kin\u00e9sie, la t\u00e9l\u00e9portation, la gravit\u00e9\u2026 Ses pouvoirs lui permettent de transformer la r\u00e9alit\u00e9 et de lui donner la forme qu\u2019il souhaite<\/strong>. C\u2019est ainsi qu\u2019il peut cr\u00e9er ses H\u00e9rauts et leur conf\u00e9rer des pouvoirs incroyables, comme Le Surfeur d\u2019Argent, le plus c\u00e9l\u00e8bre ou encore Nova, \u00e0 partir d\u2019un fragment de son Pouvoir Cosmique. Bien qu\u2019il ait \u00e9t\u00e9 d\u00e9j\u00e0 d\u00e9truit dans plusieurs r\u00e9cits, Galactus est immortel car il a toujours fait son retour, d\u2019une fa\u00e7on ou d\u2019une autre. Et sa disparition a provoqu\u00e9 plus de soucis qu\u2019autre chose au sein de l\u2019\u00e9quilibre cosmique.<\/p>\n<\/p>\n<p><img loading=\"lazy\" decoding=\"async\" class=\"aligncenter size-full wp-image-50557971\" src=\"https:\/\/www.europesays.com\/fr\/wp-content\/uploads\/2025\/07\/Spoilers-1920-x-300-px-1.jpg\" alt=\"Spoilers (1920 X 300 Px) (1)\" width=\"1920\" height=\"300\"  \/><\/p>\n<p>Dans le nouveau film Marvel, <strong>les Quatre Fantastiques parviennent, gr\u00e2ce au sacrifice de Susan Storm, \u00e0 l\u2019exp\u00e9dier dans une autre dimension.<\/strong> Il est \u00e9vident que cela ne suffira pas \u00e0 r\u00e9gler son cas. Galactus est amen\u00e9 \u00e0 revenir. Mais comment\u00a0? Et quand\u00a0? <a href=\"https:\/\/www.journaldugeek.com\/2025\/07\/22\/un-reboot-de-marvel-en-2027-kevin-feige-parle-enfin-de-lapres-secret-wars\/\" target=\"_blank\" rel=\"noopener\">Alors que le MCU s\u2019appr\u00eate \u00e0 vivre un soft reboot de son univers<\/a>, afin d\u2019int\u00e9grer une fois pour toutes toutes les grandes familles de superh\u00e9ros (<strong>Avengers, Quatre Fantastiques, X-Men<\/strong>), Galactus serait un ennemi suffisamment puissant et dangereux pour r\u00e9unir tout ce petit monde face \u00e0 lui et nous offrir un affrontement d\u2019envergure\u2026\u00a0 encore plus m\u00e9morable que celui d\u2019Avengers Endgame\u00a0? En attendant que cela se produise ou non, il est toujours temps d\u2019appr\u00e9cier les d\u00e9buts de ce personnage \u00f4 combien important des comics Marvel dans The Fantastic Four\u00a0: First Steps, actuellement au cin\u00e9ma.<\/p>\n<blockquote>\n<p class=\"text-base text-neutral-700 dark:text-neutral-300\">\ud83d\udfe3 Pour ne manquer aucune news sur le Journal du Geek, abonnez-vous sur <a href=\"https:\/\/news.google.com\/publications\/CAAqBwgKMNr_hAswwYyCAw?hl=fr&amp;gl=FR&amp;ceid=FR%3Afr\" target=\"_blank\" rel=\"noopener\">Google Actualit\u00e9s<\/a> et sur <a href=\"https:\/\/whatsapp.com\/channel\/0029VaClM5y4tRry12tb7D2h\" target=\"_blank\" rel=\"noopener\">notre WhatsApp<\/a>. Et si vous nous adorez, on a <a href=\"https:\/\/www.journaldugeek.com\/newsletter\/\" target=\"_blank\" rel=\"noopener\">une newsletter tous les matins<\/a>.<\/p>\n<\/blockquote>\n","protected":false},"excerpt":{"rendered":"Un humain \u00e0 la base, une entit\u00e9 cosmique de premier ordre \u00e0 l\u2019arriv\u00e9e Si vous avez vu Les&hellip;\n","protected":false},"author":2,"featured_media":273842,"comment_status":"","ping_status":"","sticky":false,"template":"","format":"standard","meta":{"footnotes":""},"categories":[1354],"tags":[650,19247,520,58,59,1346,1011,27,41337,19170,2135,11224,1360,10167],"class_list":{"0":"post-273841","1":"post","2":"type-post","3":"status-publish","4":"format-standard","5":"has-post-thumbnail","7":"category-films","8":"tag-cinema","9":"tag-comics","10":"tag-disney","11":"tag-divertissement","12":"tag-entertainment","13":"tag-films","14":"tag-fr","15":"tag-france","16":"tag-kevin-feige","17":"tag-les-quatre-fantastiques","18":"tag-marvel","19":"tag-mcu","20":"tag-movies","21":"tag-pedro-pascal"},"share_on_mastodon":{"url":"https:\/\/pubeurope.com\/@fr\/114916294970047693","error":""},"_links":{"self":[{"href":"https:\/\/www.europesays.com\/fr\/wp-json\/wp\/v2\/posts\/273841","targetHints":{"allow":["GET"]}}],"collection":[{"href":"https:\/\/www.europesays.com\/fr\/wp-json\/wp\/v2\/posts"}],"about":[{"href":"https:\/\/www.europesays.com\/fr\/wp-json\/wp\/v2\/types\/post"}],"author":[{"embeddable":true,"href":"https:\/\/www.europesays.com\/fr\/wp-json\/wp\/v2\/users\/2"}],"replies":[{"embeddable":true,"href":"https:\/\/www.europesays.com\/fr\/wp-json\/wp\/v2\/comments?post=273841"}],"version-history":[{"count":0,"href":"https:\/\/www.europesays.com\/fr\/wp-json\/wp\/v2\/posts\/273841\/revisions"}],"wp:featuredmedia":[{"embeddable":true,"href":"https:\/\/www.europesays.com\/fr\/wp-json\/wp\/v2\/media\/273842"}],"wp:attachment":[{"href":"https:\/\/www.europesays.com\/fr\/wp-json\/wp\/v2\/media?parent=273841"}],"wp:term":[{"taxonomy":"category","embeddable":true,"href":"https:\/\/www.europesays.com\/fr\/wp-json\/wp\/v2\/categories?post=273841"},{"taxonomy":"post_tag","embeddable":true,"href":"https:\/\/www.europesays.com\/fr\/wp-json\/wp\/v2\/tags?post=273841"}],"curies":[{"name":"wp","href":"https:\/\/api.w.org\/{rel}","templated":true}]}}