{"id":273843,"date":"2025-07-25T22:44:11","date_gmt":"2025-07-25T22:44:11","guid":{"rendered":"https:\/\/www.europesays.com\/fr\/273843\/"},"modified":"2025-07-25T22:44:11","modified_gmt":"2025-07-25T22:44:11","slug":"comment-des-bacteries-nous-ont-transmis-des-armes-pour-mieux-les-combattre","status":"publish","type":"post","link":"https:\/\/www.europesays.com\/fr\/273843\/","title":{"rendered":"Comment des bact\u00e9ries nous ont transmis des armes pour mieux les combattre"},"content":{"rendered":"<p>    La d\u00e9couverte de nouvelles prot\u00e9ines immunitaires bact\u00e9riennes foisonne depuis une dizaine d\u2019ann\u00e9es, et certaines nous ont \u00e9t\u00e9 transmises au fil de l\u2019\u00e9volution.<br \/>\n                ridvanarda &#8211; stock.adobe.com<\/p>\n<p><strong>D\u00c9CRYPTAGE &#8211;<\/strong> Des chercheurs fran\u00e7ais ont fait \u00e9merger un nouveau champ de recherche nomm\u00e9 \u00ab\u00a0immunit\u00e9 ancestrale\u00a0\u00bb. Elle nous vient de prot\u00e9ines bact\u00e9riennes qui ont conserv\u00e9 chez l\u2019homme la capacit\u00e9 \u00e0 combattre les pathog\u00e8nes.<\/p>\n<p class=\"fig-paragraph\">Le\u00a0syst\u00e8me immunitaire\u00a0est un ballet d\u2019une extraordinaire complexit\u00e9, qui m\u00eale des m\u00e9canismes inn\u00e9s (qui permettent \u00e0 notre organisme de r\u00e9agir tr\u00e8s vite face \u00e0 n\u2019importe quel\u00a0<a href=\"http:\/\/www.lefigaro.fr\/sciences\/les-bacteries-pathogenes-peuvent-voyager-dans-les-airs-sur-des-milliers-de-kilometres-20240909\" data-fig-type=\"Article\" data-gtm-custom-categorie=\"navigation\" data-gtm-custom-action=\"crossclick\" data-gtm-custom-label=\"Contextuel\" data-gtm-event=\"customEventSPE\" data-fig-domain=\"LEFIGARO\" target=\"_blank\" rel=\"noopener\">pathog\u00e8ne<\/a>, blessure ou cellule canc\u00e9reuse) et acquis (via les lymphocytes principalement, qui ont \u00ab\u00a0appris\u00a0\u00bb \u00e0 combattre des agresseurs d\u00e9j\u00e0 rencontr\u00e9s). De l\u2019immunit\u00e9 inn\u00e9e, la science pensait tout savoir ou presque\u00a0: \u00ab\u00a0Il y a eu un \u00e2ge d\u2019or des d\u00e9couvertes, depuis la fin des ann\u00e9es 1990, mais beaucoup de sp\u00e9cialistes du domaine pensaient que les prot\u00e9ines cl\u00e9s \u00e9taient d\u00e9sormais toutes connues\u00a0\u00bb, sourit Enzo Poirier, chef d\u2019\u00e9quipe \u00e0 l\u2019Institut Curie au sein de l\u2019unit\u00e9 Immunit\u00e9 et cancer (Institut Curie, Inserm). Mais un nouveau vivier de prot\u00e9ines immunitaires, soit autant de cibles th\u00e9rapeutiques, pourrait se cacher dans notre histoire \u00e9volutive\u2026<\/p>\n<p class=\"fig-body-link\">\n            \u00c0 lire aussi<br \/>\n        <a class=\"fig-body-link__link fig-premium-mark\" href=\"http:\/\/sante.lefigaro.fr\/social\/sante-publique\/vaccination-faire-ses-rappels-dans-le-meme-bras-un-geste-cle-pour-une-meilleure-immunite-20250502\" data-fig-type=\"Article\" data-gtm-custom-categorie=\"navigation\" data-gtm-custom-action=\"crossclick\" data-gtm-custom-label=\"Contextuel\" data-gtm-event=\"customEventSPE\" data-fig-domain=\"SANTE\" target=\"_blank\" rel=\"noopener\">Vaccination: faire ses rappels dans le m\u00eame bras, un geste cl\u00e9 pour une meilleure immunit\u00e9?<br \/>\n    <\/a>\n<\/p>\n<p class=\"fig-paragraph\">Dans le monde de la recherche sur les bact\u00e9ries, la d\u00e9couverte de nouvelles prot\u00e9ines immunitaires foisonne depuis une dizaine d\u2019ann\u00e9es. \u00ab\u00a0On a longtemps\u2026<\/p>\n<p class=\"fig-premium-paywall__infos\">\n        Cet article est r\u00e9serv\u00e9 aux abonn\u00e9s.        Il vous reste 83% \u00e0 d\u00e9couvrir.\n    <\/p>\n<p>                <img  data- alt=\"Le Figaro\" class=\"fig-img--complete fig-img\"\/><\/p>\n<p class=\"fig-premium-paywall__title\">Vous avez envie de lire la suite ?<\/p>\n<p class=\"fig-premium-paywall__subtitle\">D\u00e9bloquez tous les articles imm\u00e9diatement.<\/p>\n<p class=\"fig-premium-paywall__connect\">\n                D\u00e9j\u00e0 abonn\u00e9\u00a0?                <a class=\"fig-premium-paywall__connect-link\" href=\"https:\/\/connect.lefigaro.fr\/login?client=sante_web&amp;type=main&amp;redirect_uri=https%3A%2F%2Fsante.lefigaro.fr%2Fmedecine%2Fcomment-des-bacteries-nous-ont-transmis-des-armes-pour-mieux-les-combattre-20250725\" data-js-gtm=\"{&quot;customCategorie&quot;: &quot;conversion&quot;, &quot;customAction&quot;: &quot;before_Landing_Connexion_paywall_auto&quot;, &quot;customLabel&quot;: &quot;c2FudGUubGVmaWdhcm8uZnJfXzFmMDY4OGY4LWM4YzEtNmM5YS1hZWQzLWQxNjIzNTQ3YTA1OV9fQXJ0aWNsZQ==_Comment des bact\u00e9ries nous ont transmis des armes pour mieux les combattre_153&quot;, &quot;customIDSPE&quot;: &quot;c2FudGUubGVmaWdhcm8uZnJfXzFmMDY4OGY4LWM4YzEtNmM5YS1hZWQzLWQxNjIzNTQ3YTA1OV9fQXJ0aWNsZQ==&quot;, &quot;event&quot;: &quot;customEventSPE&quot;}\" target=\"_blank\" rel=\"noopener\"><br \/>\n                    Connectez-vous<br \/>\n                <\/a>\n            <\/p>\n","protected":false},"excerpt":{"rendered":"La d\u00e9couverte de nouvelles prot\u00e9ines immunitaires bact\u00e9riennes foisonne depuis une dizaine d\u2019ann\u00e9es, et certaines nous ont \u00e9t\u00e9 transmises&hellip;\n","protected":false},"author":2,"featured_media":273844,"comment_status":"","ping_status":"","sticky":false,"template":"","format":"standard","meta":{"footnotes":""},"categories":[10],"tags":[41338,1011,27,72,9952,14258,71],"class_list":{"0":"post-273843","1":"post","2":"type-post","3":"status-publish","4":"format-standard","5":"has-post-thumbnail","7":"category-sante","8":"tag-cancer-presentation-generale","9":"tag-fr","10":"tag-france","11":"tag-health","12":"tag-maladie-auto-immune","13":"tag-proteines","14":"tag-sante"},"share_on_mastodon":{"url":"https:\/\/pubeurope.com\/@fr\/114916298889142790","error":""},"_links":{"self":[{"href":"https:\/\/www.europesays.com\/fr\/wp-json\/wp\/v2\/posts\/273843","targetHints":{"allow":["GET"]}}],"collection":[{"href":"https:\/\/www.europesays.com\/fr\/wp-json\/wp\/v2\/posts"}],"about":[{"href":"https:\/\/www.europesays.com\/fr\/wp-json\/wp\/v2\/types\/post"}],"author":[{"embeddable":true,"href":"https:\/\/www.europesays.com\/fr\/wp-json\/wp\/v2\/users\/2"}],"replies":[{"embeddable":true,"href":"https:\/\/www.europesays.com\/fr\/wp-json\/wp\/v2\/comments?post=273843"}],"version-history":[{"count":0,"href":"https:\/\/www.europesays.com\/fr\/wp-json\/wp\/v2\/posts\/273843\/revisions"}],"wp:featuredmedia":[{"embeddable":true,"href":"https:\/\/www.europesays.com\/fr\/wp-json\/wp\/v2\/media\/273844"}],"wp:attachment":[{"href":"https:\/\/www.europesays.com\/fr\/wp-json\/wp\/v2\/media?parent=273843"}],"wp:term":[{"taxonomy":"category","embeddable":true,"href":"https:\/\/www.europesays.com\/fr\/wp-json\/wp\/v2\/categories?post=273843"},{"taxonomy":"post_tag","embeddable":true,"href":"https:\/\/www.europesays.com\/fr\/wp-json\/wp\/v2\/tags?post=273843"}],"curies":[{"name":"wp","href":"https:\/\/api.w.org\/{rel}","templated":true}]}}