{"id":273845,"date":"2025-07-25T22:45:15","date_gmt":"2025-07-25T22:45:15","guid":{"rendered":"https:\/\/www.europesays.com\/fr\/273845\/"},"modified":"2025-07-25T22:45:15","modified_gmt":"2025-07-25T22:45:15","slug":"football-trop-dincertitudes-entourent-lasse-corrigee-par-le-paris-fc-en-amical-le-progres","status":"publish","type":"post","link":"https:\/\/www.europesays.com\/fr\/273845\/","title":{"rendered":"Football. Trop d\u2019incertitudes entourent l&#039;ASSE, corrig\u00e9e par le Paris FC en amical &#8211; Le Progr\u00e8s"},"content":{"rendered":"<ol>\n<li><a href=\"https:\/\/news.google.com\/rss\/articles\/CBMiiAFBVV95cUxQSmZzTy1aQ01zNnc3LUlaUE40THpsb0hsWDNySHNvS3FXdC1WcU1nbEpmUXpza2x5RTNKVUt0RGVZNVR1LUhEVHRLV3VjaTNFcFl3dTB3cVc4UkhZQzJ2a2NXQUxyWlFEdGVmUjBHNWJJTW41UjBDMElzSzI4SEs5SGxVU19HM3lE?oc=5\" target=\"_blank\" rel=\"noopener\">Football. Trop d\u2019incertitudes entourent l&rsquo;ASSE, corrig\u00e9e par le Paris FC en amical<\/a>&nbsp;&nbsp;Le Progr\u00e8s<\/li>\n<li><a href=\"https:\/\/news.google.com\/rss\/articles\/CBMizAFBVV95cUxONkFESjhLSUN3UjlyV2tzOXE3VUIyM09vaDBLTkpFXzQzRjFTSy1uZGNBeXlBWGxpcHJIeklmRHVlVHYyekRVdUZrUWhTN3NqVUZfdjJ6eWZ6MHFvYlJzaHliV25fWEoxSmhPMTBpSlF5VVVfbkZhTTMtb0ZZLTV6NUFUNkF3bWdLTjZOVnlZM3lORVdMbFU0WmdIdHMycHg4Q0txZHJhYXBwS2dYZnkxam9VMXJUdFRHQmtfbkcyci1vbjBZMnZBcFVpTWU?oc=5\" target=\"_blank\" rel=\"noopener\">Gr\u00e2ce \u00e0 un double de Vincent Marchetti, le Paris FC domine Saint-\u00c9tienne en amical<\/a>&nbsp;&nbsp;L&rsquo;\u00c9quipe<\/li>\n<li><a href=\"https:\/\/news.google.com\/rss\/articles\/CBMijwFBVV95cUxOY3F1OWI5M2U2am9nNnV0eHEycGtvX2dTbEFibFNrMVFzdjctLU1USXAtSF90eGVfMk1TQ1ZCM1hFSENWNGVhTFJra2tRcUFpR3pFQnpKSnF3MVM5UUsyMlBoRnF0WjF1Z3lVNFFpcXN6TVF6Y2NJeW9SbFNJUEZiU0wza2Y2dEVyaDRsOXVpRQ?oc=5\" target=\"_blank\" rel=\"noopener\">Amical : le PFC gifle l\u2019AS Saint-Etienne<\/a>&nbsp;&nbsp;Foot Mercato<\/li>\n<li><a href=\"https:\/\/news.google.com\/rss\/articles\/CBMiswFBVV95cUxPRFNWdW1RN2FOOU5VZTh0SmlYTUxpbGZYal9nVmFtN2ZQY3lRbTA2ZXIxZHhrVFlkSnA2MUVpRnJBSTRvRnVmSnR5MFNHOHpaWDcwTjhjS2xUX3Jqc2xvdzF3dExlSS1CMlJIajRGT182WGpmcUwyY2ZLUkJfU2doTTNURFowOTU4ODJrNVJ4Mk1DM1BUcnBreVFHNlozamJOZVFDbERDUVZsclV2cmRZQVFONA?oc=5\" target=\"_blank\" rel=\"noopener\">ASSE : les Verts s&rsquo;inclinent 3-0 face au Paris FC en match amical<\/a>&nbsp;&nbsp;francebleu.fr<\/li>\n<li><a href=\"https:\/\/news.google.com\/rss\/articles\/CBMi3wFBVV95cUxOUkZBWGltd1VOWkhHV09hbzNvUHdGSDhzOGVja3hvRUJQdkhidV9UbnlhN2pWbF9uUjNWUDJxSnhaUkRWTVpvV3A5YnVhMmdVeHk1MWdMcUFwVTEtdnljczUtaTBVTWVoVlBIYlVQZHVCREJFOFgwMkNHNEZoZVRncGo4UEtUek1sNnhyR2pnQzFYOUh4UXNGWjRFN1J1cWZuSnZvZ1VfY25nbjlXTENZbEVnaGhlNWpINHhnSG81MHg2QzdBZWFMSm9vRl84cVVGUmczQzJGSDJrSVZZYjd3?oc=5\" target=\"_blank\" rel=\"noopener\">Le match amical entre les Verts et le Paris FC \u00e0 suivre EN DIRECT (vid\u00e9o)<\/a>&nbsp;&nbsp;MadeInSaint-Etienne<\/li>\n<\/ol>\n","protected":false},"excerpt":{"rendered":"Football. Trop d\u2019incertitudes entourent l&rsquo;ASSE, corrig\u00e9e par le Paris FC en amical&nbsp;&nbsp;Le Progr\u00e8s Gr\u00e2ce \u00e0 un double de&hellip;\n","protected":false},"author":2,"featured_media":273846,"comment_status":"","ping_status":"","sticky":false,"template":"","format":"standard","meta":{"footnotes":""},"categories":[9],"tags":[4000,7539,107,63,1011,27,4002,3367,4001,7538,517,60],"class_list":{"0":"post-273845","1":"post","2":"type-post","3":"status-publish","4":"format-standard","5":"has-post-thumbnail","7":"category-sports","8":"tag-asse-as-saint-etienne-football","9":"tag-edition-loire-sud","10":"tag-fil-info","11":"tag-football","12":"tag-fr","13":"tag-france","14":"tag-haute-loire","15":"tag-loire","16":"tag-saint-etienne","17":"tag-saint-etienne-ville","18":"tag-sport","19":"tag-sports"},"share_on_mastodon":{"url":"https:\/\/pubeurope.com\/@fr\/114916302758182905","error":""},"_links":{"self":[{"href":"https:\/\/www.europesays.com\/fr\/wp-json\/wp\/v2\/posts\/273845","targetHints":{"allow":["GET"]}}],"collection":[{"href":"https:\/\/www.europesays.com\/fr\/wp-json\/wp\/v2\/posts"}],"about":[{"href":"https:\/\/www.europesays.com\/fr\/wp-json\/wp\/v2\/types\/post"}],"author":[{"embeddable":true,"href":"https:\/\/www.europesays.com\/fr\/wp-json\/wp\/v2\/users\/2"}],"replies":[{"embeddable":true,"href":"https:\/\/www.europesays.com\/fr\/wp-json\/wp\/v2\/comments?post=273845"}],"version-history":[{"count":0,"href":"https:\/\/www.europesays.com\/fr\/wp-json\/wp\/v2\/posts\/273845\/revisions"}],"wp:featuredmedia":[{"embeddable":true,"href":"https:\/\/www.europesays.com\/fr\/wp-json\/wp\/v2\/media\/273846"}],"wp:attachment":[{"href":"https:\/\/www.europesays.com\/fr\/wp-json\/wp\/v2\/media?parent=273845"}],"wp:term":[{"taxonomy":"category","embeddable":true,"href":"https:\/\/www.europesays.com\/fr\/wp-json\/wp\/v2\/categories?post=273845"},{"taxonomy":"post_tag","embeddable":true,"href":"https:\/\/www.europesays.com\/fr\/wp-json\/wp\/v2\/tags?post=273845"}],"curies":[{"name":"wp","href":"https:\/\/api.w.org\/{rel}","templated":true}]}}