{"id":273853,"date":"2025-07-25T22:49:12","date_gmt":"2025-07-25T22:49:12","guid":{"rendered":"https:\/\/www.europesays.com\/fr\/273853\/"},"modified":"2025-07-25T22:49:12","modified_gmt":"2025-07-25T22:49:12","slug":"membres-du-socle-commun-les-republicains-sy-opposent","status":"publish","type":"post","link":"https:\/\/www.europesays.com\/fr\/273853\/","title":{"rendered":"membres du \u00ab\u00a0socle commun\u00a0\u00bb, Les R\u00e9publicains s\u2019y opposent"},"content":{"rendered":"<p>        <img decoding=\"async\" loading=\"lazy\" src=\"https:\/\/www.europesays.com\/fr\/wp-content\/uploads\/2025\/07\/92f52a1_sirius-fs-upload-1-jedsiuhwddzx-1746796852050-000-36xk9nc.jpg\"  width=\"728\" height=\"409\" alt=\"Membres du \u00ab\u00a0socle commun\u00a0\u00bb, Les R\u00e9publicains (dont sont membres Bruno Retailleau et Laurent Wauquiez) s\u2019opposent \u00e0 la reconnaissance de la Palestine. (photo d\u2019illustration)\"\/>  <\/p>\n<p>JEFF PACHOUD \/ AFP<\/p>\n<p>Membres du \u00ab\u00a0socle commun\u00a0\u00bb, Les R\u00e9publicains (dont sont membres Bruno Retailleau et Laurent Wauquiez) s\u2019opposent \u00e0 la reconnaissance de la Palestine. (photo d\u2019illustration)<\/p>\n<p class=\"asset asset-text\">POLITIQUE &#8211; Une d\u00e9cision lourde de sens \u00e0 l\u2019international, mais aussi dans la sph\u00e8re politique fran\u00e7aise. En annon\u00e7ant <a href=\"https:\/\/www.huffingtonpost.fr\/international\/article\/l-annonce-de-la-reconnaissance-de-la-palestine-par-emmanuel-macron-revele-les-fractures-de-l-europe_252977.html\" target=\"_blank\" rel=\"noopener\">la reconnaissance de l\u2019\u00c9tat de Palestine<\/a> le jeudi 24\u00a0juillet, <a href=\"https:\/\/www.huffingtonpost.fr\/international\/article\/emmanuel-macron-annonce-la-reconnaissance-de-l-etat-de-palestine-par-la-france-en-septembre_252960.html\" target=\"_blank\" rel=\"noopener\">Emmanuel Macron<\/a> a d\u00e9plu \u00e0 un parti du \u00ab\u00a0socle commun\u00a0\u00bb sur lequel repose le gouvernement de Fran\u00e7ois Bayrou, Les R\u00e9publicains exprimant clairement leur d\u00e9saccord avec la d\u00e9cision pr\u00e9sidentielle.<\/p>\n<p class=\"asset asset-text\">Si son pr\u00e9sident <a href=\"https:\/\/www.huffingtonpost.fr\/politique\/article\/en-pleine-montee-de-tensions-emmanuel-macron-reporte-un-rendez-vous-attendu-avec-bruno-retailleau_252929.html\" target=\"_blank\" rel=\"noopener\">Bruno Retailleau<\/a>, membre du gouvernement, a refus\u00e9 de s\u2019exprimer sur le sujet lors d\u2019un d\u00e9placement en Vend\u00e9e, le parti a dit son m\u00e9contentement dans un communiqu\u00e9 cinglant, depuis repartag\u00e9 par le ministre de l\u2019Int\u00e9rieur sur X. \u00ab\u00a0Notre famille politique gaulliste a toujours \u00e9t\u00e9 favorable \u00e0 la reconnaissance d\u2019un \u00c9tat palestinien\u00a0\u00bb, insiste le texte qui assure par ailleurs que cette reconnaissance \u00ab\u00a0donnerait une victoire au Hamas [\u2026] alors m\u00eame que les otages [isra\u00e9liens] ne sont pas lib\u00e9r\u00e9s\u00a0\u00bb.<\/p>\n<p class=\"asset asset-text\">M\u00eame son de cloche du c\u00f4t\u00e9 de Laurent Wauquiez, chef des d\u00e9put\u00e9s LR, qui a d\u00e9nonc\u00e9 un pr\u00e9sident qui \u00ab\u00a0se retrouve f\u00e9licit\u00e9 par le Hamas\u00a0\u00bb. \u00ab\u00a0Ce n\u2019est pas ainsi que la France contribuera \u00e0 la paix\u00a0\u00bb, a-t-il ajout\u00e9. Le pr\u00e9sident LR du S\u00e9nat, G\u00e9rard Larcher, a pour sa part estim\u00e9 dans un message sur X que \u00ab\u00a0si la solution \u00e0 deux \u00c9tats est incontournable, reconna\u00eetre un \u00c9tat palestinien, dans les circonstances actuelles, est un pari trop dangereux qui ne sert pas la cause d\u2019une paix durable\u00a0\u00bb.<\/p>\n<p>    \u00ab\u00a0La reconnaissance ne peut pas se faire \u00e0 n\u2019importe quel prix\u00a0\u00bb    <\/p>\n<p class=\"asset asset-text\">Dans leur communiqu\u00e9, Les R\u00e9publicains interpellent Emmanuel Macron sur des d\u00e9clarations qu\u2019il avait faites fin mai, se disant pr\u00eat \u00e0 \u00ab\u00a0d\u00e9clencher un mouvement de reconnaissance d\u2019un \u00c9tat palestinien sous certaines conditions\u00a0\u00bb. \u00c0 savoir\u00a0: la lib\u00e9ration de tous les otages, la d\u00e9militarisation et la mise \u00e0 distance du Hamas, une r\u00e9forme de l\u2019autorit\u00e9 palestinienne, la reconnaissance de l\u2019\u00c9tat d\u2019<a href=\"https:\/\/www.huffingtonpost.fr\/international\/article\/macron-promet-de-reconnaitre-la-palestine-la-reaction-de-netanyahu-et-des-etats-unis-se-fait-tres-virulente_252961.html\" target=\"_blank\" rel=\"noopener\">Isra\u00ebl<\/a> et de \u00ab\u00a0son droit \u00e0 vivre en s\u00e9curit\u00e9\u00a0\u00bb et enfin la \u00ab\u00a0cr\u00e9ation d\u2019une architecture de s\u00e9curit\u00e9 dans toute la r\u00e9gion\u00a0\u00bb.<\/p>\n<p class=\"asset asset-text\">\u00ab\u00a0Aucune de ces conditions n\u2019est remplie\u00a0\u00bb, fustige le communiqu\u00e9 LR, qui appelle la France \u00e0 \u00ab\u00a0renouer avec sa capacit\u00e9 \u00e0 \u00eatre une puissance d\u2019\u00e9quilibre\u00a0\u00bb. \u00ab\u00a0Si la s\u00e9curit\u00e9 d\u2019Isra\u00ebl n\u2019est pas n\u00e9gociable, la reconnaissance d\u2019un \u00c9tat palestinien ne peut se faire \u00e0 n\u2019importe quel prix\u00a0\u00bb, poursuit le parti de droite, qui insiste par ailleurs sur la n\u00e9cessit\u00e9 pour le gouvernement de Benjamin Netanyahu de \u00ab\u00a0mettre fin au blocus humanitaire\u00a0\u00bb.<\/p>\n<p class=\"asset asset-text\">Les tensions au sein du \u00ab\u00a0socle commun\u00a0\u00bb pourraient ne pas s\u2019en tenir aux R\u00e9publicains. \u00ab\u00a0Les divisions sont importantes\u00a0\u00bb, a not\u00e9 le politologue Denys Pouillard, interrog\u00e9 par l\u2019AFP et selon qui Ensemble et Horizons ont \u00ab\u00a0une plus grande tendance [\u2026] \u00e0 aller vers le soutien \u00e0 l\u2019\u00c9tat d\u2019Isra\u00ebl\u00a0\u00bb quand le MoDem de Fran\u00e7ois Bayrou penche davantage \u00ab\u00a0vers la reconnaissance des Palestiniens\u00a0\u00bb.<\/p>\n<p class=\"asset asset-text\">R\u00e9sultat\u00a0: des r\u00e9actions h\u00e9t\u00e9roclites chez les centristes. Si certaines figures comme Marc Fesneau (MoDem) ou \u00c9lisabeth Borne (Renaissance) ont salu\u00e9 la d\u00e9cision d\u2019Emmanuel Macron, Gabriel Attal (Renaissance) n\u2019a pas r\u00e9agi pour le moment, tandis qu\u2019\u00c9douard Philippe (Horizons) l\u2019a qualifi\u00e9e de \u00ab\u00a0pari\u00a0\u00bb qui risquerait potentiellement de faire utiliser par la France \u00ab\u00a0une carte politique importante sans autre effet que celui d\u2019un symbole\u00a0\u00bb.<\/p>\n","protected":false},"excerpt":{"rendered":"JEFF PACHOUD \/ AFP Membres du \u00ab\u00a0socle commun\u00a0\u00bb, Les R\u00e9publicains (dont sont membres Bruno Retailleau et Laurent Wauquiez)&hellip;\n","protected":false},"author":2,"featured_media":273854,"comment_status":"","ping_status":"","sticky":false,"template":"","format":"standard","meta":{"footnotes":""},"categories":[5],"tags":[11,1073,1011,27,14,664,6319,12,3518,316,28],"class_list":{"0":"post-273853","1":"post","2":"type-post","3":"status-publish","4":"format-standard","5":"has-post-thumbnail","7":"category-international","8":"tag-actualites","9":"tag-emmanuel-macron","10":"tag-fr","11":"tag-france","12":"tag-international","13":"tag-israel","14":"tag-les-republicains","15":"tag-news","16":"tag-palestine","17":"tag-politique","18":"tag-world"},"share_on_mastodon":{"url":"https:\/\/pubeurope.com\/@fr\/114916318829809319","error":""},"_links":{"self":[{"href":"https:\/\/www.europesays.com\/fr\/wp-json\/wp\/v2\/posts\/273853","targetHints":{"allow":["GET"]}}],"collection":[{"href":"https:\/\/www.europesays.com\/fr\/wp-json\/wp\/v2\/posts"}],"about":[{"href":"https:\/\/www.europesays.com\/fr\/wp-json\/wp\/v2\/types\/post"}],"author":[{"embeddable":true,"href":"https:\/\/www.europesays.com\/fr\/wp-json\/wp\/v2\/users\/2"}],"replies":[{"embeddable":true,"href":"https:\/\/www.europesays.com\/fr\/wp-json\/wp\/v2\/comments?post=273853"}],"version-history":[{"count":0,"href":"https:\/\/www.europesays.com\/fr\/wp-json\/wp\/v2\/posts\/273853\/revisions"}],"wp:featuredmedia":[{"embeddable":true,"href":"https:\/\/www.europesays.com\/fr\/wp-json\/wp\/v2\/media\/273854"}],"wp:attachment":[{"href":"https:\/\/www.europesays.com\/fr\/wp-json\/wp\/v2\/media?parent=273853"}],"wp:term":[{"taxonomy":"category","embeddable":true,"href":"https:\/\/www.europesays.com\/fr\/wp-json\/wp\/v2\/categories?post=273853"},{"taxonomy":"post_tag","embeddable":true,"href":"https:\/\/www.europesays.com\/fr\/wp-json\/wp\/v2\/tags?post=273853"}],"curies":[{"name":"wp","href":"https:\/\/api.w.org\/{rel}","templated":true}]}}