{"id":273855,"date":"2025-07-25T22:50:22","date_gmt":"2025-07-25T22:50:22","guid":{"rendered":"https:\/\/www.europesays.com\/fr\/273855\/"},"modified":"2025-07-25T22:50:22","modified_gmt":"2025-07-25T22:50:22","slug":"nous-entrons-en-guerre-avec-le-gouvernement","status":"publish","type":"post","link":"https:\/\/www.europesays.com\/fr\/273855\/","title":{"rendered":"Nous entrons en guerre avec le gouvernement"},"content":{"rendered":"<p>\u00ab\u00a0Le 33-15 est mort. Le 20-20 s\u2019impose. Et la F\u00e9d\u00e9ration entre en r\u00e9sistance.\u00a0\u00bb <a href=\"https:\/\/www.lemoniteurdespharmacies.fr\/profession\/socio-professionnel\/quel-est-linteret-de-letat-de-baisser-le-plafond-des-remises-generiques\" target=\"_blank\" rel=\"noopener\">Face \u00e0 la rigidit\u00e9 de l\u2019arbitrage gouvernemental sur les remises commerciales, <\/a>Philippe Besset, pr\u00e9sident de la F\u00e9d\u00e9ration des syndicats pharmaceutiques de France (FSPF), d\u00e9nonce une \u00ab\u00a0catastrophe \u00e9conomique\u00a0\u00bb et acte l\u2019entr\u00e9e dans une phase de confrontation politique. L\u2019arr\u00eat\u00e9 attendu au Journal officiel fin juillet imposera une limitation \u00e0 30\u00a0% des remises sur les g\u00e9n\u00e9riques et \u00e0 15\u00a0% sur les biosimilaires d\u00e8s le 1er\u00a0ao\u00fbt 2025. L\u2019arr\u00eat\u00e9 pr\u00e9cisera \u00e9galement\u00a0un objectif de plafonnement \u00e0 \u00ab\u00a020\u00a0% sur les g\u00e9n\u00e9riques et 20\u00a0% sur les biosimilaires\u00a0\u00bb en mars\u00a02027, sans compensation, ni clause de revoyure, ni ouverture conventionnelle.<\/p>\n<p>\u00ab\u00a0Le gouvernement s\u2019appr\u00eate \u00e0 faire perdre des centaines de millions d\u2019euros aux officines\u00a0\u00bb, r\u00e9sume Pierre-Olivier Variot, pr\u00e9sident de l\u2019Union des syndicats de pharmaciens d\u2019officines (USPO).<\/p>\n<p>Un compromis impossible\u00a0: syndicats et gouvernement disent non<\/p>\n<p>Apr\u00e8s une r\u00e9union de plus d\u2019une heure avec Yannick Neuder, Philippe Besset avait pr\u00e9sent\u00e9 une <a href=\"http:\/\/www.lemoniteurdespharmacies.fr\/profession\/socio-professionnel\/remises-generiques-cest-quoi-le-plan-pharmacie-pour-sauver-lofficine\" target=\"_blank\" rel=\"noopener\">contre-proposition transitoire<\/a> \u00e0 34-15, accompagn\u00e9e d\u2019un chantier de r\u00e9forme conventionnelle sur les honoraires. \u00ab\u00a0Nous avons tent\u00e9 de construire un plan pour sortir du pi\u00e8ge des remises, mais tout le monde l\u2019a refus\u00e9\u00a0: les syndicats, qui ont parl\u00e9 de \u201cpolitique du moins pire\u201d, et le gouvernement, qui a jug\u00e9 notre demande excessive.\u00a0\u00bb<\/p>\n<p>Une bombe \u00e9conomique pour les officines<\/p>\n<p>Selon les estimations partag\u00e9es par la FSPF et par l\u2019USPO, la perte moyenne par officine serait de 15\u00a0000\u00a0\u20ac par an, avec de lourds \u00e9carts selon la structure des achats et le profil \u00e9conomique de l\u2019officine. \u00ab\u00a0On parle d\u2019un transfert net de valeur vers l\u2019industrie. Sans r\u00e9\u00e9quilibrage par les honoraires, ce sera invivable pour de nombreuses <a href=\"https:\/\/www.lemoniteurdespharmacies.fr\/profession\/socio-professionnel\/pharmacies-rurales-une-proposition-de-loi-veut-abaisser-le-seuil-douverture-a-500-habitants\" target=\"_blank\" rel=\"noopener\">pharmacies rurales<\/a> ou ind\u00e9pendantes.\u00a0\u00bb, souligne Pierre-Olivier Variot.<\/p>\n<p>La FSPF, qui tiendra son assembl\u00e9e g\u00e9n\u00e9rale le 30\u00a0juillet, confirme que toute tentative de compromis est d\u00e9sormais enterr\u00e9e. \u00ab\u00a0Le texte va passer. Il faudra ensuite vivre avec\u2026 ou le renverser.\u00a0\u00bb<\/p>\n<p>Bercy vis\u00e9, le minist\u00e8re de la Sant\u00e9 marginalis\u00e9<\/p>\n<p>Dans cette crise, les <a href=\"https:\/\/www.lemoniteurdespharmacies.fr\/profession\/socio-professionnel\/remises-generiques-le-couperet-tombe-a-30-les-biosimilaires-plafonnes-a-15\" target=\"_blank\" rel=\"noopener\">critiques visent clairement Bercy<\/a>. \u00ab\u00a0Ils appliquent le rapport Borne \u00e0 la lettre\u00a0: r\u00e9duction du co\u00fbt de la cha\u00eene du m\u00e9dicament, suppression des marges, recentralisation industrielle\u00a0\u00bb, d\u00e9nonce Philippe Besset. \u00ab\u00a0Ils veulent moins de pharmacies, moins de services, moins de proximit\u00e9.\u00a0\u00bb<\/p>\n<p>\u00ab\u00a0C\u2019est une vision purement budg\u00e9taire, qui nie la fonction de sant\u00e9 publique de l\u2019officine\u00a0\u00bb, explique \u00e9galement Pierre-Olivier Variot. \u00ab\u00a0Ils s\u2019appr\u00eatent \u00e0 ruiner le maillage territorial.\u00a0\u00bb<\/p>\n<p>Philippe Besset pointe \u00e9galement une rupture\u00a0: \u00ab\u00a0C\u2019est la premi\u00e8re fois que le minist\u00e8re de la Sant\u00e9 est aussi inaudible. Il a tent\u00e9 de plaider notre cause, mais n\u2019a rien obtenu.\u00a0\u00bb<\/p>\n<p>Le contre-feu s\u2019organise pour l\u2019automne<\/p>\n<p>\u00ab\u00a0La seule option d\u00e9sormais, c\u2019est de changer de gouvernement\u00a0\u00bb, l\u00e2che Philippe Besset. \u00ab\u00a0Le 20-20 sera dans l\u2019arr\u00eat\u00e9. Il faudra un nouveau Premier ministre pour revenir dessus.\u00a0\u00bb En clair\u00a0: les syndicats visent d\u00e9sormais le d\u00e9bat parlementaire de l\u2019automne pour infl\u00e9chir la trajectoire.<\/p>\n<p>Pierre-Olivier Variot annonce un plan d\u2019action syndical coordonn\u00e9 d\u00e8s cet \u00e9t\u00e9 avec des <a href=\"https:\/\/www.lemoniteurdespharmacies.fr\/profession\/socio-professionnel\/remises-generiques-greves-en-aout-pression-maximale-en-septembre-lescalade-est-lancee\" target=\"_blank\" rel=\"noopener\">gr\u00e8ves et de fortes actions<\/a>. Ces derni\u00e8res se poursuivront \u00e0 la rentr\u00e9e\u00a0: \u00ab\u00a0Nous allons mobiliser les \u00e9lus, les patients, les associations, et poser la question du financement du r\u00e9seau dans le d\u00e9bat public. On ne peut pas accepter que les pharmaciens financent seuls le d\u00e9ficit de la France.\u00a0\u00bb<\/p>\n<p>En attendant, les pertes s\u2019annoncent lourdes<\/p>\n<p>Le secteur entre dans une zone de turbulence. \u00ab\u00a0Les groupements vont revoir leur strat\u00e9gie d\u2019achat, les laboratoires vont adapter leurs politiques commerciales, et les officines vont encaisser les pertes d\u00e8s cet \u00e9t\u00e9\u00a0\u00bb, r\u00e9sume Philippe Besset. \u00ab\u00a0On vous donnera les chiffres pr\u00e9cis, mais ce sera plusieurs centaines de millions d\u2019euros.\u00a0\u00bb<\/p>\n<p>L\u2019USPO partage le constat. \u00ab\u00a0Cette d\u00e9cision aura des effets syst\u00e9miques\u00a0: sur la tr\u00e9sorerie, sur l\u2019emploi, sur l\u2019attractivit\u00e9 du m\u00e9tier. Et elle fragilise encore davantage les pharmacies en zones fragiles. Les effets du 20-20 ne se verront pas en un jour, mais ils sont certains.\u00a0\u00bb<\/p>\n","protected":false},"excerpt":{"rendered":"\u00ab\u00a0Le 33-15 est mort. Le 20-20 s\u2019impose. Et la F\u00e9d\u00e9ration entre en r\u00e9sistance.\u00a0\u00bb Face \u00e0 la rigidit\u00e9 de&hellip;\n","protected":false},"author":2,"featured_media":273856,"comment_status":"","ping_status":"","sticky":false,"template":"","format":"standard","meta":{"footnotes":""},"categories":[4],"tags":[11,41341,1011,27,41342,41343,12,25,3427],"class_list":{"0":"post-273855","1":"post","2":"type-post","3":"status-publish","4":"format-standard","5":"has-post-thumbnail","7":"category-france","8":"tag-actualites","9":"tag-biomedicaments-et-biosimilaires","10":"tag-fr","11":"tag-france","12":"tag-maillage","13":"tag-medicaments-generiques","14":"tag-news","15":"tag-republique-francaise","16":"tag-syndicats"},"share_on_mastodon":{"url":"https:\/\/pubeurope.com\/@fr\/114916322683104773","error":""},"_links":{"self":[{"href":"https:\/\/www.europesays.com\/fr\/wp-json\/wp\/v2\/posts\/273855","targetHints":{"allow":["GET"]}}],"collection":[{"href":"https:\/\/www.europesays.com\/fr\/wp-json\/wp\/v2\/posts"}],"about":[{"href":"https:\/\/www.europesays.com\/fr\/wp-json\/wp\/v2\/types\/post"}],"author":[{"embeddable":true,"href":"https:\/\/www.europesays.com\/fr\/wp-json\/wp\/v2\/users\/2"}],"replies":[{"embeddable":true,"href":"https:\/\/www.europesays.com\/fr\/wp-json\/wp\/v2\/comments?post=273855"}],"version-history":[{"count":0,"href":"https:\/\/www.europesays.com\/fr\/wp-json\/wp\/v2\/posts\/273855\/revisions"}],"wp:featuredmedia":[{"embeddable":true,"href":"https:\/\/www.europesays.com\/fr\/wp-json\/wp\/v2\/media\/273856"}],"wp:attachment":[{"href":"https:\/\/www.europesays.com\/fr\/wp-json\/wp\/v2\/media?parent=273855"}],"wp:term":[{"taxonomy":"category","embeddable":true,"href":"https:\/\/www.europesays.com\/fr\/wp-json\/wp\/v2\/categories?post=273855"},{"taxonomy":"post_tag","embeddable":true,"href":"https:\/\/www.europesays.com\/fr\/wp-json\/wp\/v2\/tags?post=273855"}],"curies":[{"name":"wp","href":"https:\/\/api.w.org\/{rel}","templated":true}]}}