{"id":27386,"date":"2025-04-15T19:41:51","date_gmt":"2025-04-15T19:41:51","guid":{"rendered":"https:\/\/www.europesays.com\/fr\/27386\/"},"modified":"2025-04-15T19:41:51","modified_gmt":"2025-04-15T19:41:51","slug":"pour-ses-75-ans-saint-mandrier-honore-le-monde-associatif","status":"publish","type":"post","link":"https:\/\/www.europesays.com\/fr\/27386\/","title":{"rendered":"Pour ses 75 ans, Saint-Mandrier honore le monde associatif"},"content":{"rendered":"<p>En ce jour anniversaire de la naissance de la commune, les Mandr\u00e9ens \u00e9taient rassembl\u00e9s samedi sur la place des R\u00e9sistants, invit\u00e9s par le maire Gilles Vincent, qui tenait \u00e0 partager un ap\u00e9ritif avec ses administr\u00e9s. Mais surtout, \u00e0 honorer de la m\u00e9daille de la Ville et de bouquets de fleurs quelques habitants et personnalit\u00e9s ayant \u0153uvr\u00e9 et consacr\u00e9 beaucoup de leur temps \u00e0 l\u2019\u00e9panouissement du village.<\/p>\n<p>\u00ab\u00a0<strong>Il y a 75 ans, la commune naissait sous des auspices bien diff\u00e9rents<\/strong>, a-t-il d\u00e9clar\u00e9, mais avec une ambition toujours pr\u00e9sente de nos jours, celle d\u2019offrir \u00e0 ses habitants un cadre de vie \u00e9panouissant, dynamique et solidaire. L\u2019esprit de notre communaut\u00e9 est un esprit de fraternit\u00e9, de coop\u00e9ration, de r\u00e9silience. Saint-Mandrier est une commune qui a su garder son \u00e2me de village proven\u00e7al.\u00a0\u00bb<\/p>\n<p>En t\u00eate de liste des r\u00e9cipiendaires, le contre-amiral Guillaume Merveilleux du Vignau, commandant du P\u00f4le \u00c9coles M\u00e9diterran\u00e9e, gage d\u2019une cohabitation historique et d\u2019un partage harmonieux du territoire mandr\u00e9en. Les pompiers du Service d\u00e9partemental d\u2019incendie et de secours (Sdis), repr\u00e9sent\u00e9s par le colonel St\u00e9phane Farcy, ont \u00e9t\u00e9 honor\u00e9s pour leur engagement et leur professionnalisme face aux incendies qui ont lourdement touch\u00e9 la commune.<\/p>\n<p>              <img ci-src=\"https:\/\/www.varmatin.com\/vie-locale\/protec\/DATA_ART_15343970-Qi68BK39.jpg?vh=abf167&amp;ci_seal=802ef43581\" alt=\"\"\/><br \/>\n        Arielle Paindavoine porte la gymnastique volontaire depuis quatre d\u00e9cennies. <strong>Photo Ly. F..<\/strong> <\/p>\n<p>              <img ci-src=\"https:\/\/www.varmatin.com\/vie-locale\/protec\/DATA_ART_15343966-S9JXbmkS.jpg?vh=bab52d&amp;ci_seal=fa21751d77\" alt=\"\"\/><br \/>\n        Thierry Rault, ancien soldat \u00e9m\u00e9rite, marin p\u00eacheur et pr\u00e9sident&#13;<br \/>\ndes Pescadous du Creux. <strong>Photo Ly. F..<\/strong> <\/p>\n<p>              <img ci-src=\"https:\/\/www.varmatin.com\/vie-locale\/protec\/DATA_ART_15343964-Q6Occ5Ev.jpg?vh=bdbc59&amp;ci_seal=71b82c1036\" alt=\"\"\/><br \/>\n        Pierre Grimaldi est \u00e0 l\u2019origine de la cr\u00e9ation du syndicat d\u2019aide&#13;<br \/>\naux achats divers (SIVAAD) et du club d\u2019a\u00efkido. <strong>Photo Ly. F..<\/strong> <\/p>\n<p>                                M\u00e9dailles de la ville pour quelques personnalit\u00e9s locales<\/p>\n<p>Le maire a ensuite remis la m\u00e9daille de la Ville \u00e0 quelques personnalit\u00e9s du monde associatif ayant marqu\u00e9 dans la long\u00e9vit\u00e9, la pers\u00e9v\u00e9rance, l\u2019engagement et l\u2019amour port\u00e9 \u00e0 leur village. Gilbert Fournier pour le Comit\u00e9 communal feux de for\u00eat (CCFF), Lydia Deval pour La Festive, Marie-France Giovannelli, adjointe au tourisme et aux festivit\u00e9s durant une vingtaine d\u2019ann\u00e9es.<\/p>\n<p>Mais aussi Christine Mar\u00e9chal, employ\u00e9e municipale pendant quarante ans et membre de nombreuses associations mandr\u00e9ennes. Franck Mussou, pour faire briller la joute proven\u00e7ale au-del\u00e0 du territoire. Marcel Nicolas, \u00e9crivain et membre du comit\u00e9 de jumelage avec Procida. Arielle Paindavoine, qui porte la gymnastique volontaire depuis quatre d\u00e9cennies. Puis Thierry Rault, ancien soldat \u00e9m\u00e9rite, devenu marin p\u00eacheur et pr\u00e9sident des Pescadous du Creux. Pour terminer, Jean-Claude Ventre, l\u2019ancien policier et conseiller municipal, aujourd\u2019hui pr\u00e9sident de l\u2019association folklorique Lou cabanou dou pescadou.<\/p>\n<p>\u00ab\u00a0<strong>Il y a 75 ans, notre commune \u00e9tait un petit village modeste<\/strong>. Gr\u00e2ce \u00e0 l\u2019engagement de tous, des pionniers aux plus jeunes g\u00e9n\u00e9rations, elle s\u2019est d\u00e9velopp\u00e9e et s\u2019est dot\u00e9e de nouvelles infrastructures modernes, d\u2019une vie sociale et culturelle florissante et d\u2019un service public adapt\u00e9 aux besoins de tous. L\u2019histoire de notre presqu\u2019\u00eele est, avant tout, l\u2019histoire de personnes investies. Elle est le reflet de notre union collective, de nos r\u00eaves partag\u00e9s et de notre fiert\u00e9.\u00a0\u00bb<\/p>\n","protected":false},"excerpt":{"rendered":"En ce jour anniversaire de la naissance de la commune, les Mandr\u00e9ens \u00e9taient rassembl\u00e9s samedi sur la place&hellip;\n","protected":false},"author":2,"featured_media":27387,"comment_status":"","ping_status":"","sticky":false,"template":"","format":"standard","meta":{"footnotes":""},"categories":[9619],"tags":[1111,11,1777,674,7186,1011,27,12,882,25,2310,3366],"class_list":{"0":"post-27386","1":"post","2":"type-post","3":"status-publish","4":"format-standard","5":"has-post-thumbnail","7":"category-toulon","8":"tag-actu","9":"tag-actualites","10":"tag-eu","11":"tag-europe","12":"tag-festivites","13":"tag-fr","14":"tag-france","15":"tag-news","16":"tag-provence-alpes-cote-dazur","17":"tag-republique-francaise","18":"tag-toulon","19":"tag-vie-locale"},"share_on_mastodon":{"url":"https:\/\/pubeurope.com\/@fr\/114343689860871537","error":""},"_links":{"self":[{"href":"https:\/\/www.europesays.com\/fr\/wp-json\/wp\/v2\/posts\/27386","targetHints":{"allow":["GET"]}}],"collection":[{"href":"https:\/\/www.europesays.com\/fr\/wp-json\/wp\/v2\/posts"}],"about":[{"href":"https:\/\/www.europesays.com\/fr\/wp-json\/wp\/v2\/types\/post"}],"author":[{"embeddable":true,"href":"https:\/\/www.europesays.com\/fr\/wp-json\/wp\/v2\/users\/2"}],"replies":[{"embeddable":true,"href":"https:\/\/www.europesays.com\/fr\/wp-json\/wp\/v2\/comments?post=27386"}],"version-history":[{"count":0,"href":"https:\/\/www.europesays.com\/fr\/wp-json\/wp\/v2\/posts\/27386\/revisions"}],"wp:featuredmedia":[{"embeddable":true,"href":"https:\/\/www.europesays.com\/fr\/wp-json\/wp\/v2\/media\/27387"}],"wp:attachment":[{"href":"https:\/\/www.europesays.com\/fr\/wp-json\/wp\/v2\/media?parent=27386"}],"wp:term":[{"taxonomy":"category","embeddable":true,"href":"https:\/\/www.europesays.com\/fr\/wp-json\/wp\/v2\/categories?post=27386"},{"taxonomy":"post_tag","embeddable":true,"href":"https:\/\/www.europesays.com\/fr\/wp-json\/wp\/v2\/tags?post=27386"}],"curies":[{"name":"wp","href":"https:\/\/api.w.org\/{rel}","templated":true}]}}