{"id":273867,"date":"2025-07-25T22:59:19","date_gmt":"2025-07-25T22:59:19","guid":{"rendered":"https:\/\/www.europesays.com\/fr\/273867\/"},"modified":"2025-07-25T22:59:19","modified_gmt":"2025-07-25T22:59:19","slug":"un-motard-tue-un-autre-grievement-blesse-dans-un-accident","status":"publish","type":"post","link":"https:\/\/www.europesays.com\/fr\/273867\/","title":{"rendered":"un motard tu\u00e9, un autre gri\u00e8vement bless\u00e9 dans un accident"},"content":{"rendered":"<p>            Par<br \/>\n        <strong><br \/>\n            <a href=\"https:\/\/actu.fr\/auteur\/jm-aubert\" title=\"Consulter tous les articles de Jean-Marc Aubert\" rel=\"nofollow noopener\" target=\"_blank\">Jean-Marc Aubert<\/a><br \/>\n        <\/strong><\/p>\n<p>        Publi\u00e9 le<\/p>\n<p>            25 juil. 2025 \u00e0 13h27        <\/p>\n<p><strong>Terrible accident<\/strong> en cette nuit de jeudi 24 \u00e0 ce vendredi 25 juillet 2025, vers 23h45, sur la route m\u00e9tropolitaine des Plages M66, la 2\u00d72 voies qui relie Montpellier et La Grande-Motte, au niveau de la bretelle de sortie de la station de tramway \u00c9tang de l\u2019Or, dans la commune de <strong>P\u00e9rols<\/strong> : bilan, un mort et un bless\u00e9 grave, deux motards montpelli\u00e9rains.<\/p>\n<p>    <a href=\"https:\/\/www.google.com\/maps\/embed?pb=!1m18!1m12!1m3!1d3208.154110801335!2d3.9614837760626602!3d43.55760066230356!2m3!1f0!2f0!3f0!3m2!1i1024!2i768!4f13.1!3m3!1m2!1s0x12b6bb39bde16015%3A0x46212b11f62e37df!2s%C3%89tang%20de%20L%27Or!5e0!3m2!1sfr!2sfr!4v1753442256889!5m2!1sfr!2sfr\" title=\"Ouvrie le lien\" rel=\"nofollow noopener\" target=\"_blank\">Cliquez ici pour visualiser le contenu<\/a><\/p>\n<p class=\" wall-content\">Le motard d\u00e9c\u00e9d\u00e9 avait 20 ans, son coll\u00e8ge est \u00e2g\u00e9 de 24 ans : ils faisaient partie d\u2019un groupe de six motards qui circulaient en direction de Montpellier, quand un premier accident s\u2019est produit peu apr\u00e8s le lieu-dit Les Cabanes de P\u00e9rols. Le plus jeune conducteur qui a trouv\u00e9 la mort -il est d\u00e9c\u00e9d\u00e9 sur place en d\u00e9pit d\u2019une tentative de r\u00e9animation des sapeurs-pompiers du Sdis 34 et de m\u00e9decins du Smur-Samu- aurait fait une chute accidentelle dans des circonstances qui font l\u2019objet d\u2019une enqu\u00eate des <strong>policiers de la brigade des accidents et des d\u00e9lits routiers<\/strong> du commissariat central de Montpellier, qui ont saisi des bandes de vid\u00e9o-protection en cours d\u2019exploitation.\u00a0<\/p>\n<p class=\" wall-content\">Si quatre autres copains de sortie ont pu \u00e9viter de percuter l\u2019engin en travers des voies, l\u2019un d\u2019eux, \u00e2g\u00e9 de 24 ans s\u2019est encastr\u00e9 et a \u00e9t\u00e9 gri\u00e8vement bless\u00e9. Il a \u00e9t\u00e9 admis au CHU de Montpellier. Dans les chocs successifs, les deux motards ont fini leur course contre une voiture, dont les deux occupants, un couple, ne se sont pas arr\u00eat\u00e9s.<\/p>\n<p>D\u00e9lit de fuite<\/p>\n<p class=\" wall-content\">Le ou la chauffarde a, en effet poursuivi sa route \u00e0 vive allure, mais le v\u00e9hicule a perdu une des plaques d\u2019immatriculation sur les lieux. Le couple a donc \u00e9t\u00e9 rapidement identifi\u00e9 et interpell\u00e9 dans la nuit \u00e0 son domicile de <strong>Mauguio<\/strong> et plac\u00e9 en garde \u00e0 vue, notamment pour \u00e9tablir qui se trouvait au volant lors du d\u00e9lit de fuite. La proc\u00e9dure vise un homicide routier involontaire. C\u2019est le <a href=\"https:\/\/actu.fr\/occitanie\/montpellier_34172\/montpellier-un-cycliste-ecrase-sous-les-roues-d-un-poids-lourd-est-decede-a-l-hopital_62946156.html\" rel=\"nofollow noopener\" target=\"_blank\">deuxi\u00e8me accident mortel en 48h<\/a> dans la circonscription de la police nationale de Montpellier, apr\u00e8s le d\u00e9c\u00e8s d\u2019un cycliste \u00e2g\u00e9 de 59 ans, \u00e9cras\u00e9 sous les roues d\u2019un poids lourd sur la route de Ganges, ce mercredi matin.<\/p>\n<p>Vid\u00e9os : en ce moment sur Actu<\/p>\n<p class=\" wall-content\">Suivez toute l\u2019actualit\u00e9 de vos villes et m\u00e9dias favoris en vous inscrivant \u00e0 <a href=\"https:\/\/moncompte.actu.fr\" title=\"D\u00e9couvez Mon Actu\" rel=\"nofollow noopener\" data-trk=\"{&quot;cta&quot;:{&quot;action&quot;:&quot;https:\\\/\\\/moncompte.actu.fr&quot;,&quot;category&quot;:&quot;mon compte&quot;,&quot;from&quot;:&quot;article footer&quot;,&quot;name&quot;:&quot;Mon actu&quot;,&quot;type&quot;:&quot;cta&quot;}}\" target=\"_blank\">Mon Actu<\/a>.<\/p>\n","protected":false},"excerpt":{"rendered":"Par Jean-Marc Aubert Publi\u00e9 le 25 juil. 2025 \u00e0 13h27 Terrible accident en cette nuit de jeudi 24&hellip;\n","protected":false},"author":2,"featured_media":273868,"comment_status":"","ping_status":"","sticky":false,"template":"","format":"standard","meta":{"footnotes":""},"categories":[9599],"tags":[119,1111,11,1777,674,118,1011,27,303,2208,12,2680,1072,25],"class_list":{"0":"post-273867","1":"post","2":"type-post","3":"status-publish","4":"format-standard","5":"has-post-thumbnail","7":"category-montpellier","8":"tag-accident","9":"tag-actu","10":"tag-actualites","11":"tag-eu","12":"tag-europe","13":"tag-faits-divers","14":"tag-fr","15":"tag-france","16":"tag-justice","17":"tag-montpellier","18":"tag-news","19":"tag-occitanie","20":"tag-police","21":"tag-republique-francaise"},"share_on_mastodon":{"url":"https:\/\/pubeurope.com\/@fr\/114916357713756920","error":""},"_links":{"self":[{"href":"https:\/\/www.europesays.com\/fr\/wp-json\/wp\/v2\/posts\/273867","targetHints":{"allow":["GET"]}}],"collection":[{"href":"https:\/\/www.europesays.com\/fr\/wp-json\/wp\/v2\/posts"}],"about":[{"href":"https:\/\/www.europesays.com\/fr\/wp-json\/wp\/v2\/types\/post"}],"author":[{"embeddable":true,"href":"https:\/\/www.europesays.com\/fr\/wp-json\/wp\/v2\/users\/2"}],"replies":[{"embeddable":true,"href":"https:\/\/www.europesays.com\/fr\/wp-json\/wp\/v2\/comments?post=273867"}],"version-history":[{"count":0,"href":"https:\/\/www.europesays.com\/fr\/wp-json\/wp\/v2\/posts\/273867\/revisions"}],"wp:featuredmedia":[{"embeddable":true,"href":"https:\/\/www.europesays.com\/fr\/wp-json\/wp\/v2\/media\/273868"}],"wp:attachment":[{"href":"https:\/\/www.europesays.com\/fr\/wp-json\/wp\/v2\/media?parent=273867"}],"wp:term":[{"taxonomy":"category","embeddable":true,"href":"https:\/\/www.europesays.com\/fr\/wp-json\/wp\/v2\/categories?post=273867"},{"taxonomy":"post_tag","embeddable":true,"href":"https:\/\/www.europesays.com\/fr\/wp-json\/wp\/v2\/tags?post=273867"}],"curies":[{"name":"wp","href":"https:\/\/api.w.org\/{rel}","templated":true}]}}