{"id":273869,"date":"2025-07-25T23:01:21","date_gmt":"2025-07-25T23:01:21","guid":{"rendered":"https:\/\/www.europesays.com\/fr\/273869\/"},"modified":"2025-07-25T23:01:21","modified_gmt":"2025-07-25T23:01:21","slug":"du-nouveau-dans-ce-centre-ville-pres-de-rouen","status":"publish","type":"post","link":"https:\/\/www.europesays.com\/fr\/273869\/","title":{"rendered":"du nouveau dans ce centre-ville pr\u00e8s de Rouen"},"content":{"rendered":"<p>            Par<br \/>\n        <strong><br \/>\n            <a href=\"https:\/\/actu.fr\/auteur\/chloe-lentier\" title=\"Consulter tous les articles de Chlo\u00e9 LENTIER\" rel=\"nofollow noopener\" target=\"_blank\">Chlo\u00e9 LENTIER<\/a><br \/>\n        <\/strong><\/p>\n<p>        Publi\u00e9 le<\/p>\n<p>            25 juil. 2025 \u00e0 15h16        <\/p>\n<p>\u00c0 <a href=\"https:\/\/actu.fr\/normandie\/cleon_76178\" rel=\"nofollow noopener\" target=\"_blank\">Cl\u00e9on<\/a> (Seine-Maritime), le <b>renouvellement urbain<\/b> avance, case par case.<\/p>\n<p class=\" wall-content\">Sur la <b>place Saint-Roch<\/b>, la mairie m\u00e8ne ce qu\u2019elle appelle des \u00ab op\u00e9rations \u00e0 tiroirs \u00bb : un encha\u00eenement de mouvements pens\u00e9s pour relancer l\u2019<b>activit\u00e9 commerciale<\/b>, en misant sur la sant\u00e9 et les <b>services de proximit\u00e9<\/b>.<\/p>\n<p>Redonner vie au centre-ville<\/p>\n<p class=\" wall-content\">Premi\u00e8re pi\u00e8ce du puzzle : le <b>pharmacien<\/b> de la place va d\u00e9m\u00e9nager d\u2019un cran, pour s\u2019installer sur deux cellules voisines. Objectif : d\u00e9velopper son activit\u00e9 et proposer de <b>nouveaux services<\/b>.<\/p>\n<blockquote class=\"ac-article-quote wall-content\">\n<p>\u00ab Il faut d\u2019abord que le financement soit assur\u00e9. Pour l\u2019instant il n\u2019y a pas de commande. Le projet est en cours de montage. \u00bb<\/p>\n<p>Mairie de Cl\u00e9on<\/p><\/blockquote>\n<p class=\" wall-content\">Autre mouvement : la Maison du projet, situ\u00e9e pr\u00e8s de la <b>boulangerie<\/b>, a \u00e9t\u00e9 transf\u00e9r\u00e9e dans une salle de la m\u00e9diath\u00e8que. La cellule lib\u00e9r\u00e9e sera vendue au CCAS, entit\u00e9 qui porte la politique sociale de la commune.<\/p>\n<p class=\" wall-content\">Des discussions sont en cours pour y accueillir un <b>m\u00e9decin<\/b>. \u00ab On met tout en place pour d\u00e9velopper le commerce sur la commune actuellement \u00bb, insiste Fr\u00e9d\u00e9ric Marche, maire de Cl\u00e9on.<\/p>\n<p>Vid\u00e9os : en ce moment sur Actu<\/p>\n<p class=\" wall-content\">Suivez toute l\u2019actualit\u00e9 de vos villes et m\u00e9dias favoris en vous inscrivant \u00e0 <a href=\"https:\/\/moncompte.actu.fr\" title=\"D\u00e9couvez Mon Actu\" rel=\"nofollow noopener\" data-trk=\"{&quot;cta&quot;:{&quot;action&quot;:&quot;https:\\\/\\\/moncompte.actu.fr&quot;,&quot;category&quot;:&quot;mon compte&quot;,&quot;from&quot;:&quot;article footer&quot;,&quot;name&quot;:&quot;Mon actu&quot;,&quot;type&quot;:&quot;cta&quot;}}\" target=\"_blank\">Mon Actu<\/a>.<\/p>\n","protected":false},"excerpt":{"rendered":"Par Chlo\u00e9 LENTIER Publi\u00e9 le 25 juil. 2025 \u00e0 15h16 \u00c0 Cl\u00e9on (Seine-Maritime), le renouvellement urbain avance, case&hellip;\n","protected":false},"author":2,"featured_media":273870,"comment_status":"","ping_status":"","sticky":false,"template":"","format":"standard","meta":{"footnotes":""},"categories":[9587],"tags":[1111,11,215,1777,674,1011,27,12,5161,25,9590,104,1352],"class_list":{"0":"post-273869","1":"post","2":"type-post","3":"status-publish","4":"format-standard","5":"has-post-thumbnail","7":"category-rouen","8":"tag-actu","9":"tag-actualites","10":"tag-commerce","11":"tag-eu","12":"tag-europe","13":"tag-fr","14":"tag-france","15":"tag-news","16":"tag-normandie","17":"tag-republique-francaise","18":"tag-rouen","19":"tag-societe","20":"tag-urbanisme"},"share_on_mastodon":{"url":"https:\/\/pubeurope.com\/@fr\/114916365642760191","error":""},"_links":{"self":[{"href":"https:\/\/www.europesays.com\/fr\/wp-json\/wp\/v2\/posts\/273869","targetHints":{"allow":["GET"]}}],"collection":[{"href":"https:\/\/www.europesays.com\/fr\/wp-json\/wp\/v2\/posts"}],"about":[{"href":"https:\/\/www.europesays.com\/fr\/wp-json\/wp\/v2\/types\/post"}],"author":[{"embeddable":true,"href":"https:\/\/www.europesays.com\/fr\/wp-json\/wp\/v2\/users\/2"}],"replies":[{"embeddable":true,"href":"https:\/\/www.europesays.com\/fr\/wp-json\/wp\/v2\/comments?post=273869"}],"version-history":[{"count":0,"href":"https:\/\/www.europesays.com\/fr\/wp-json\/wp\/v2\/posts\/273869\/revisions"}],"wp:featuredmedia":[{"embeddable":true,"href":"https:\/\/www.europesays.com\/fr\/wp-json\/wp\/v2\/media\/273870"}],"wp:attachment":[{"href":"https:\/\/www.europesays.com\/fr\/wp-json\/wp\/v2\/media?parent=273869"}],"wp:term":[{"taxonomy":"category","embeddable":true,"href":"https:\/\/www.europesays.com\/fr\/wp-json\/wp\/v2\/categories?post=273869"},{"taxonomy":"post_tag","embeddable":true,"href":"https:\/\/www.europesays.com\/fr\/wp-json\/wp\/v2\/tags?post=273869"}],"curies":[{"name":"wp","href":"https:\/\/api.w.org\/{rel}","templated":true}]}}