{"id":273873,"date":"2025-07-25T23:04:11","date_gmt":"2025-07-25T23:04:11","guid":{"rendered":"https:\/\/www.europesays.com\/fr\/273873\/"},"modified":"2025-07-25T23:04:11","modified_gmt":"2025-07-25T23:04:11","slug":"previsions-du-samedi-26-juillet-2025","status":"publish","type":"post","link":"https:\/\/www.europesays.com\/fr\/273873\/","title":{"rendered":"pr\u00e9visions du samedi 26 juillet 2025"},"content":{"rendered":"<p>Les nuages seront visibles aujourd&rsquo;hui \u00e0 Rennes. On anticipe des temp\u00e9ratures avoisinant 19\u00b0C. Un vent de nord-ouest soufflera l\u00e9g\u00e8rement, avec 12 km\/h. D&rsquo;un autre c\u00f4t\u00e9, le matin, un grand soleil rayonnera. Le thermom\u00e8tre affichera 20\u00b0C en moyenne. C&rsquo;est \u00e0 un ciel tapiss\u00e9 de nuages qu&rsquo;il faudra s&rsquo;attendre l&rsquo;apr\u00e8s-midi. Des pluies \u00e9parses sont pr\u00e9vues. Les valeurs seront de 20\u00b0C au minimum et de 25\u00b0C au maximum. Le passage de samedi \u00e0 dimanche se fera sous un ciel clair.<\/p>\n<p>Une baisse des temp\u00e9ratures est attendue \u00e0 Rennes, demain. Les valeurs seront comprises entre 13 et 23\u00b0C. Un vent de nord-ouest rafra\u00eechira sensiblement l&rsquo;atmosph\u00e8re. Il va y avoir des nuages avant que le soleil ne puisse faire son apparition lors de la matin\u00e9e. Du mauvais temps est \u00e0 pr\u00e9voir. Des pluies \u00e9parses vont tomber. Demain apr\u00e8s-midi, le beau temps va peu \u00e0 peu prendre la place des nuages. Les valeurs afficheront entre 20 et 23\u00b0C.<\/p>\n<p>Le temps des journ\u00e9es suivantes va changer progressivement. Apr\u00e8s une m\u00e9t\u00e9o similaire lundi, la situation changera mardi.<\/p>\n<p><\/p>\n","protected":false},"excerpt":{"rendered":"Les nuages seront visibles aujourd&rsquo;hui \u00e0 Rennes. On anticipe des temp\u00e9ratures avoisinant 19\u00b0C. Un vent de nord-ouest soufflera&hellip;\n","protected":false},"author":2,"featured_media":273874,"comment_status":"","ping_status":"","sticky":false,"template":"","format":"standard","meta":{"footnotes":""},"categories":[2821],"tags":[1111,11,829,1777,674,1011,27,848,12,2119,584,25],"class_list":{"0":"post-273873","1":"post","2":"type-post","3":"status-publish","4":"format-standard","5":"has-post-thumbnail","7":"category-rennes","8":"tag-actu","9":"tag-actualites","10":"tag-bretagne","11":"tag-eu","12":"tag-europe","13":"tag-fr","14":"tag-france","15":"tag-ille-et-vilaine","16":"tag-news","17":"tag-previsions-meteo","18":"tag-rennes","19":"tag-republique-francaise"},"share_on_mastodon":{"url":"https:\/\/pubeurope.com\/@fr\/114916377467023173","error":""},"_links":{"self":[{"href":"https:\/\/www.europesays.com\/fr\/wp-json\/wp\/v2\/posts\/273873","targetHints":{"allow":["GET"]}}],"collection":[{"href":"https:\/\/www.europesays.com\/fr\/wp-json\/wp\/v2\/posts"}],"about":[{"href":"https:\/\/www.europesays.com\/fr\/wp-json\/wp\/v2\/types\/post"}],"author":[{"embeddable":true,"href":"https:\/\/www.europesays.com\/fr\/wp-json\/wp\/v2\/users\/2"}],"replies":[{"embeddable":true,"href":"https:\/\/www.europesays.com\/fr\/wp-json\/wp\/v2\/comments?post=273873"}],"version-history":[{"count":0,"href":"https:\/\/www.europesays.com\/fr\/wp-json\/wp\/v2\/posts\/273873\/revisions"}],"wp:featuredmedia":[{"embeddable":true,"href":"https:\/\/www.europesays.com\/fr\/wp-json\/wp\/v2\/media\/273874"}],"wp:attachment":[{"href":"https:\/\/www.europesays.com\/fr\/wp-json\/wp\/v2\/media?parent=273873"}],"wp:term":[{"taxonomy":"category","embeddable":true,"href":"https:\/\/www.europesays.com\/fr\/wp-json\/wp\/v2\/categories?post=273873"},{"taxonomy":"post_tag","embeddable":true,"href":"https:\/\/www.europesays.com\/fr\/wp-json\/wp\/v2\/tags?post=273873"}],"curies":[{"name":"wp","href":"https:\/\/api.w.org\/{rel}","templated":true}]}}