{"id":273877,"date":"2025-07-25T23:06:10","date_gmt":"2025-07-25T23:06:10","guid":{"rendered":"https:\/\/www.europesays.com\/fr\/273877\/"},"modified":"2025-07-25T23:06:10","modified_gmt":"2025-07-25T23:06:10","slug":"previsions-du-samedi-26-juillet-2025-2","status":"publish","type":"post","link":"https:\/\/www.europesays.com\/fr\/273877\/","title":{"rendered":"pr\u00e9visions du samedi 26 juillet 2025"},"content":{"rendered":"<p>Aujourd&rsquo;hui, le soleil sera dissimul\u00e9 derri\u00e8re des nuages \u00e0 Strasbourg, o\u00f9 le temps sera maussade. La m\u00e9t\u00e9o sera ponctu\u00e9e par des pluies \u00e9parses. Les valeurs iront de 15 \u00e0 26\u00b0C. Le matin, un vent de nord rafra\u00eechira l\u00e9g\u00e8rement l&rsquo;atmosph\u00e8re. La grisaille ne se disperse toujours pas, il y aura encore des nuages l&rsquo;apr\u00e8s-midi. D&rsquo;un autre c\u00f4t\u00e9, l&rsquo;air ambiant va se r\u00e9chauffer avec une hausse de quelques degr\u00e9s. Les temp\u00e9ratures afficheront entre 24\u00b0C et 26\u00b0C. Pendant que vous dormirez, dans la nuit de samedi \u00e0 dimanche, le ciel sera clair.<\/p>\n<p>Demain, une diminution des temp\u00e9ratures est \u00e0 craindre \u00e0 Strasbourg. Il va faire en moyenne 19\u00b0C. Le soleil sera au rendez-vous : une belle matin\u00e9e se pr\u00e9sente ! Il fera 21\u00b0C en moyenne. Un vent de sud-ouest soufflera l\u00e9g\u00e8rement, avec 9 km\/h. Demain apr\u00e8s-midi, des nuages se montreront. Le temps sera mitig\u00e9 avec de petites averses. Les valeurs s&rsquo;\u00e9chelonneront entre 19 et 23\u00b0C. Les nuages en pr\u00e9vision demain soir, et un ciel encore gris. Des pluies \u00e9parses vont tomber sur la ville. Une brise de sud soufflera doucement.<\/p>\n<p>La m\u00e9t\u00e9o des jours qui suivent va \u00e9voluer peu \u00e0 peu. M\u00eame si le mauvais temps perdurera un peu lundi, il faut pr\u00e9voir une am\u00e9lioration ensuite.<\/p>\n<p><\/p>\n","protected":false},"excerpt":{"rendered":"Aujourd&rsquo;hui, le soleil sera dissimul\u00e9 derri\u00e8re des nuages \u00e0 Strasbourg, o\u00f9 le temps sera maussade. La m\u00e9t\u00e9o sera&hellip;\n","protected":false},"author":2,"featured_media":273878,"comment_status":"","ping_status":"","sticky":false,"template":"","format":"standard","meta":{"footnotes":""},"categories":[2820],"tags":[1111,11,2389,2649,1777,674,1011,27,775,12,2119,25,640],"class_list":{"0":"post-273877","1":"post","2":"type-post","3":"status-publish","4":"format-standard","5":"has-post-thumbnail","7":"category-strasbourg","8":"tag-actu","9":"tag-actualites","10":"tag-alsace","11":"tag-bas-rhin","12":"tag-eu","13":"tag-europe","14":"tag-fr","15":"tag-france","16":"tag-grand-est","17":"tag-news","18":"tag-previsions-meteo","19":"tag-republique-francaise","20":"tag-strasbourg"},"share_on_mastodon":{"url":"https:\/\/pubeurope.com\/@fr\/114916385587087926","error":""},"_links":{"self":[{"href":"https:\/\/www.europesays.com\/fr\/wp-json\/wp\/v2\/posts\/273877","targetHints":{"allow":["GET"]}}],"collection":[{"href":"https:\/\/www.europesays.com\/fr\/wp-json\/wp\/v2\/posts"}],"about":[{"href":"https:\/\/www.europesays.com\/fr\/wp-json\/wp\/v2\/types\/post"}],"author":[{"embeddable":true,"href":"https:\/\/www.europesays.com\/fr\/wp-json\/wp\/v2\/users\/2"}],"replies":[{"embeddable":true,"href":"https:\/\/www.europesays.com\/fr\/wp-json\/wp\/v2\/comments?post=273877"}],"version-history":[{"count":0,"href":"https:\/\/www.europesays.com\/fr\/wp-json\/wp\/v2\/posts\/273877\/revisions"}],"wp:featuredmedia":[{"embeddable":true,"href":"https:\/\/www.europesays.com\/fr\/wp-json\/wp\/v2\/media\/273878"}],"wp:attachment":[{"href":"https:\/\/www.europesays.com\/fr\/wp-json\/wp\/v2\/media?parent=273877"}],"wp:term":[{"taxonomy":"category","embeddable":true,"href":"https:\/\/www.europesays.com\/fr\/wp-json\/wp\/v2\/categories?post=273877"},{"taxonomy":"post_tag","embeddable":true,"href":"https:\/\/www.europesays.com\/fr\/wp-json\/wp\/v2\/tags?post=273877"}],"curies":[{"name":"wp","href":"https:\/\/api.w.org\/{rel}","templated":true}]}}