{"id":273879,"date":"2025-07-25T23:07:30","date_gmt":"2025-07-25T23:07:30","guid":{"rendered":"https:\/\/www.europesays.com\/fr\/273879\/"},"modified":"2025-07-25T23:07:30","modified_gmt":"2025-07-25T23:07:30","slug":"evasion-nature-dans-les-vosges-a-1h40-de-strasbourg","status":"publish","type":"post","link":"https:\/\/www.europesays.com\/fr\/273879\/","title":{"rendered":"\u00e9vasion nature dans les Vosges \u00e0 1h40 de Strasbourg"},"content":{"rendered":"<p>    <img loading=\"lazy\" width=\"1800\" height=\"900\" src=\"https:\/\/www.europesays.com\/fr\/wp-content\/uploads\/2025\/04\/jeanne-callthepolice.jpg\" class=\"attachment-full size-full\" alt=\"\" id=\"imageLove\" decoding=\"async\"  \/><\/p>\n<p id=\"breadcrumbs\"><a href=\"https:\/\/pokaa.fr\/\" rel=\"nofollow noopener\" target=\"_blank\">Accueil<\/a> \/ <a href=\"https:\/\/pokaa.fr\/categories\/evasion-alsace-sortie-tourisme\/\" rel=\"nofollow noopener\" target=\"_blank\">\u00c9vasion &amp; nature<\/a> \/ Dodo dans un chalet en bois : \u00e9vasion nature dans les Vosges \u00e0 1h40 de Strasbourg<\/p>\n<p>                    \u00c9vasion &amp; nature<\/p>\n<p><strong>Louer un chalet dans les Vosges est le plan parfait pour passer du temps en famille ou avec ses ami(e)s et s\u2019a\u00e9rer l\u2019esprit. \u00c7a tombe bien, on a d\u00e9couvert un spot id\u00e9al \u00e0 La Bresse et on y a pass\u00e9 un petit s\u00e9jour entre barbecue, balade et baignade. On vous raconte ce week-end, \u00e0 1h40 de Strasbourg !<\/strong><\/p>\n<p>Il y a quelques jours, <strong>pour f\u00eater un anniversaire entre ami(e)s, <\/strong>notre objectif \u00e9tait simple : <strong>trouver un h\u00e9bergement en pleine nature, entre lacs et montagnes<\/strong>. C\u2019est \u00e0 ce moment-l\u00e0 que nous sommes tomb\u00e9(e)s par hasard sur les chalets du Couar\u00f4ge, \u00e0 La Bresse. L\u2019exp\u00e9rience \u00e9tait tellement agr\u00e9able qu\u2019on a d\u00e9cid\u00e9 de partager ce bon plan et les activit\u00e9s disponibles aux alentours. <strong>C\u2019est parti !\u00a0<\/strong><\/p>\n<p>    <img width=\"800\" height=\"533\" src=\"https:\/\/www.europesays.com\/fr\/wp-content\/uploads\/2025\/07\/lac-de-blanchemer-1-800x533.jpg\" class=\"attachment-image-size-L size-image-size-L\" alt=\"Lac de blanchemer (1)\" decoding=\"async\" loading=\"lazy\"  \/>         Pique-nique au lac de Blanchemer. \u00a9 Julia Wencker \/ Pokaa <\/p>\n<p>Une localisation exceptionnelle<\/p>\n<p><strong>L\u2019envie de nature et de plein air, l\u2019\u00e9loignement avec les centres urbains, la proximit\u00e9 des sentiers de randonn\u00e9e et de trail, <\/strong>c\u2019est tout ce qu\u2019on cherchait pour ce week-end de juillet.<\/p>\n<p>                <img width=\"333\" height=\"500\" src=\"https:\/\/www.europesays.com\/fr\/wp-content\/uploads\/2025\/07\/randonnee-a-la-bresse-3-333x500.jpg\" class=\"attachment-gallery size-gallery\" alt=\"randonn\u00e9e \u00e0 la bresse  (3)\" data-full-url=\"https:\/\/pokaa.fr\/wp-content\/uploads\/2025\/07\/25\/randonnee-a-la-bresse-3-1500x2250.jpg\" decoding=\"async\" loading=\"lazy\"  \/>            <\/p>\n<p>                <img width=\"333\" height=\"500\" src=\"https:\/\/www.europesays.com\/fr\/wp-content\/uploads\/2025\/07\/randonnee-a-la-bresse-2-333x500.jpg\" class=\"attachment-gallery size-gallery\" alt=\"randonn\u00e9e \u00e0 la bresse  (2)\" data-full-url=\"https:\/\/pokaa.fr\/wp-content\/uploads\/2025\/07\/25\/randonnee-a-la-bresse-2-1500x2250.jpg\" decoding=\"async\" loading=\"lazy\"  \/>            <\/p>\n<p>                    Randonn\u00e9e au lac de Blanchemer. \u00a9 Julia Wencker \/ Pokaa<\/p>\n<p>Le<strong> choix de La Bresse s\u2019est fait tr\u00e8s rapidement <\/strong>car c\u2019est un endroit qui peut convenir \u00e0 tout le monde, tant <strong>les possibilit\u00e9s d\u2019activit\u00e9s sont vari\u00e9es<\/strong>.<\/p>\n<p>C\u2019est aussi un bon point de convergence, situ\u00e9 \u00e0 <strong>1h40 de Strasbourg et \u00e0 1h20 de Mulhouse.<\/strong> C\u2019est donc un bon compromis pour r\u00e9unir des ami(e)s venu(e)s de toute l\u2019Alsace.<\/p>\n<p>    <img width=\"800\" height=\"505\" src=\"https:\/\/www.europesays.com\/fr\/wp-content\/uploads\/2025\/07\/hauteur-la-bresse-800x505.png\" class=\"attachment-image-size-L size-image-size-L\" alt=\"Hauteur La Bresse\" decoding=\"async\" loading=\"lazy\"  \/>         Sur les hauteurs de La Bresse. \u00a9 Baptiste Kocher \/ Pokaa <\/p>\n<p>La station n\u2019a par ailleurs rien \u00e0 envier aux autres petites communes vosgiennes et <strong>poss\u00e8de de nombreux atouts comme un joli centre-ville, deux cin\u00e9mas<\/strong> et une <strong>incroyable boulangerie avec des tartes aux myrtilles<\/strong> \u00e0 tomber \u00e0 la renverse : la boulangerie-p\u00e2tisserie Pinot. Un crit\u00e8re de choix pour le brunch du dimanche !<\/p>\n<p>    <img width=\"800\" height=\"533\" src=\"https:\/\/www.europesays.com\/fr\/wp-content\/uploads\/2025\/07\/cinema-lentract-la-bresse-800x533.jpg\" class=\"attachment-image-size-L size-image-size-L\" alt=\"Cinema lentract la bresse\" decoding=\"async\" loading=\"lazy\"  \/>         Cin\u00e9ma l&rsquo;Entract&rsquo; \u00e0 La Bresse. \u00a9 LaBresse.net \/ Capture d&rsquo;\u00e9cran <\/p>\n<p>Le choix du logement<\/p>\n<p>Pour le logement, <strong>La Bresse est une station touristique o\u00f9 l\u2019offre est tr\u00e8s vari\u00e9e et toutes les plateformes traditionnelles<\/strong> de r\u00e9servation sont pr\u00e9sentes.<\/p>\n<p>Apr\u00e8s plusieurs recherches, nous sommes tomb\u00e9(e)s par hasard sur<strong> les chalets de Couar\u00f4ge et leur architecture traditionnelle en rondins.\u00a0<\/strong>Le lieu propose des logements avec des tailles diff\u00e9rentes, pouvant accueillir de 4 \u00e0 16 personnes. Nous, on a pris le plus grand.<\/p>\n<p>                <img width=\"667\" height=\"500\" src=\"https:\/\/www.europesays.com\/fr\/wp-content\/uploads\/2025\/07\/chalet-du-couaroge-la-bresse-4-667x500.jpg\" class=\"attachment-gallery size-gallery\" alt=\"Chalet du Couaroge la Bresse (4)\" data-full-url=\"https:\/\/pokaa.fr\/wp-content\/uploads\/2025\/07\/22\/chalet-du-couaroge-la-bresse-4-1500x1125.jpg\" decoding=\"async\" loading=\"lazy\"  \/>            <\/p>\n<p>                <img width=\"667\" height=\"500\" src=\"https:\/\/www.europesays.com\/fr\/wp-content\/uploads\/2025\/07\/chalet-du-couaroge-la-bresse-5-667x500.jpg\" class=\"attachment-gallery size-gallery\" alt=\"Chalet du Couaroge la Bresse (5)\" data-full-url=\"https:\/\/pokaa.fr\/wp-content\/uploads\/2025\/07\/22\/chalet-du-couaroge-la-bresse-5-1500x1125.jpg\" decoding=\"async\" loading=\"lazy\"  \/>            <\/p>\n<p>                    Les diff\u00e9rents chalets. \u00a9 Julia wencker \/ Pokaa<\/p>\n<p>    <img width=\"800\" height=\"600\" src=\"https:\/\/www.europesays.com\/fr\/wp-content\/uploads\/2025\/07\/chalet-du-couaroge-la-bresse-2-800x600.jpg\" class=\"attachment-image-size-L size-image-size-L\" alt=\"Chalet du Couaroge la Bresse (2)\" decoding=\"async\" loading=\"lazy\"  \/>         \u00a9 Julia wencker \/ Pokaa <\/p>\n<p>Sur place, \u00e0 l\u2019int\u00e9rieur, les \u00e9quipements sont plut\u00f4t modernes et <strong>\u00e7a change des refuges<\/strong> et des chalets qui ont d\u00e9j\u00e0 bien v\u00e9cu. Les tables sont grandes, les lits confortables et les salles de bain propres.<strong> Si on aime avoir son petit confort, c\u2019est parfait.\u00a0<\/strong><\/p>\n<p>                <a href=\"https:\/\/pokaa.fr\/2025\/07\/12\/dodo-au-refuge-des-3-fours-rando-sur-les-cretes-vosgiennes-a-2h-de-strasbourg\/\" rel=\"nofollow noopener\" target=\"_blank\"><br \/>\n                    <img width=\"450\" height=\"270\" src=\"https:\/\/www.europesays.com\/fr\/wp-content\/uploads\/2025\/07\/couv-juillet-2025-450x270.png\" class=\"attachment-card-horizontal--same-subject size-card-horizontal--same-subject wp-post-image\" alt=\"\" decoding=\"async\" loading=\"lazy\"\/>                <\/a><\/p>\n<p>                <img width=\"375\" height=\"500\" src=\"https:\/\/www.europesays.com\/fr\/wp-content\/uploads\/2025\/07\/chalet-du-couaroge-la-bresse-8-375x500.jpg\" class=\"attachment-gallery size-gallery\" alt=\"Chalet du Couaroge la Bresse (8)\" data-full-url=\"https:\/\/pokaa.fr\/wp-content\/uploads\/2025\/07\/22\/chalet-du-couaroge-la-bresse-8-1500x2000.jpg\" decoding=\"async\" loading=\"lazy\"  \/>            <\/p>\n<p>                <img width=\"375\" height=\"500\" src=\"https:\/\/www.europesays.com\/fr\/wp-content\/uploads\/2025\/07\/chalet-du-couaroge-la-bresse-1-375x500.jpg\" class=\"attachment-gallery size-gallery\" alt=\"Chalet du Couaroge la Bresse (1)\" data-full-url=\"https:\/\/pokaa.fr\/wp-content\/uploads\/2025\/07\/22\/chalet-du-couaroge-la-bresse-1-1500x2000.jpg\" decoding=\"async\" loading=\"lazy\"  \/>            <\/p>\n<p>                    L&rsquo;int\u00e9rieur du chalet. \u00a9 Julia wencker \/ Pokaa<\/p>\n<p>Un week-end d&rsquo;anniversaire parfait<\/p>\n<p>Apr\u00e8s l\u2019installation, on a pu profiter de la vie en plein air. <strong>L\u2019avantage de la localisation<\/strong> est qu\u2019on a pu tout faire au d\u00e9part du chalet. Des <strong>chemins de randonn\u00e9e balis\u00e9s par le Club Vosgien d\u00e9marraient \u00e0 proximit\u00e9<\/strong>.<\/p>\n<p>Une partie du groupe a donc pu prendre la <strong>direction du lac de Blanchemer, <\/strong>tandis que l\u2019autre a fait une <strong>jolie vir\u00e9e \u00e0 v\u00e9lo<\/strong>.<\/p>\n<p>                <img width=\"333\" height=\"500\" src=\"https:\/\/www.europesays.com\/fr\/wp-content\/uploads\/2025\/07\/randonnee-a-la-bresse-1-333x500.jpg\" class=\"attachment-gallery size-gallery\" alt=\"randonn\u00e9e \u00e0 la bresse  (1)\" data-full-url=\"https:\/\/pokaa.fr\/wp-content\/uploads\/2025\/07\/25\/randonnee-a-la-bresse-1-1500x2250.jpg\" decoding=\"async\" loading=\"lazy\"  \/>            <\/p>\n<p>                <img width=\"375\" height=\"500\" src=\"https:\/\/www.europesays.com\/fr\/wp-content\/uploads\/2025\/07\/velo-gravel-a-la-bresse-375x500.jpg\" class=\"attachment-gallery size-gallery\" alt=\"v\u00e9lo gravel \u00e0 la bresse\" data-full-url=\"https:\/\/pokaa.fr\/wp-content\/uploads\/2025\/07\/25\/velo-gravel-a-la-bresse.jpg\" decoding=\"async\" loading=\"lazy\"  \/>            <\/p>\n<p>                    Randonn\u00e9e vers le lac de Blanchemer et sortie gravel. \u00a9 Julia Wencker \/ Pokaa<\/p>\n<p>Par ailleurs, les activit\u00e9s aux alentours ne manquent pas. <strong>Le bike park de La Bresse offre un immense terrain de jeu aux VTTistes, les sentiers de trail et de randonn\u00e9e permettent d\u2019acc\u00e9der \u00e0 l\u2019ensemble des points d\u2019int\u00e9r\u00eat du coin<\/strong> : route des Cr\u00eates, lac du Corbeau, Hohneck\u2026 En hiver, c\u2019est le ski et les sports de neige qui sont rois.<\/p>\n<p>    <img width=\"800\" height=\"533\" src=\"https:\/\/www.europesays.com\/fr\/wp-content\/uploads\/2025\/07\/dsc-5589-800x533.jpg\" class=\"attachment-image-size-L size-image-size-L\" alt=\"Lac de longemer\" decoding=\"async\" loading=\"lazy\"  \/>         Lac de Longemer. \u00a9 Julia Wencker \/ Pokaa <\/p>\n<p>On a d\u00e9cid\u00e9 de terminer la journ\u00e9e au <strong>lac de Longemer qui se trouve \u00e0 30 minutes en voiture<\/strong>.<\/p>\n<p>Une petite baignade puis une glace dans l\u2019apr\u00e8s-midi avant de <strong>retourner profiter du brasero du chalet pour un maxi barbecue<\/strong>\u00a0: une tr\u00e8s belle fa\u00e7on de f\u00eater son anniversaire !<\/p>\n<p>                <img width=\"375\" height=\"500\" src=\"https:\/\/www.europesays.com\/fr\/wp-content\/uploads\/2025\/07\/brasero-375x500.jpg\" class=\"attachment-gallery size-gallery\" alt=\"Brasero au chalet\" data-full-url=\"https:\/\/pokaa.fr\/wp-content\/uploads\/2025\/07\/22\/brasero-1500x2000.jpg\" decoding=\"async\" loading=\"lazy\"  \/>            <\/p>\n<p>                <img width=\"375\" height=\"500\" src=\"https:\/\/www.europesays.com\/fr\/wp-content\/uploads\/2025\/07\/soiree-au-chalet-la-bresse-375x500.jpg\" class=\"attachment-gallery size-gallery\" alt=\"soir\u00e9e au chalet la bresse\" data-full-url=\"https:\/\/pokaa.fr\/wp-content\/uploads\/2025\/07\/25\/soiree-au-chalet-la-bresse.jpg\" decoding=\"async\" loading=\"lazy\"  \/>            <\/p>\n<p>                    Fin de soir\u00e9e au chalet. \u00a9 Julia Wencker \/ Pokaa<\/p>\n<p><strong>Et vous, c\u2019est quoi vos suggestions dans ce secteur ?\u00a0<\/strong><\/p>\n<p style=\"text-align: center;\"><a href=\"https:\/\/www.couaroge.com\" target=\"_blank\" rel=\"noopener nofollow\">Les chalets du Couar\u00f4ge<\/a><br \/><a href=\"https:\/\/www.labresse.net\/ete\" target=\"_blank\" rel=\"noopener nofollow\">Pour trouver un h\u00e9bergement ou des activit\u00e9s \u00e0 La Bresse<\/a><br \/><a href=\"https:\/\/www.labresse.net\/bikepark-la-bresse-hohneck-labellemontagne.html\" target=\"_blank\" rel=\"noopener nofollow\">Les informations sur le bike park<\/a><\/p>\n","protected":false},"excerpt":{"rendered":"Accueil \/ \u00c9vasion &amp; nature \/ Dodo dans un chalet en bois : \u00e9vasion nature dans les Vosges&hellip;\n","protected":false},"author":2,"featured_media":273880,"comment_status":"","ping_status":"","sticky":false,"template":"","format":"standard","meta":{"footnotes":""},"categories":[2820],"tags":[1111,11,23909,1777,674,1011,27,775,9544,10284,12,7553,25,640,774],"class_list":{"0":"post-273879","1":"post","2":"type-post","3":"status-publish","4":"format-standard","5":"has-post-thumbnail","7":"category-strasbourg","8":"tag-actu","9":"tag-actualites","10":"tag-chalet","11":"tag-eu","12":"tag-europe","13":"tag-fr","14":"tag-france","15":"tag-grand-est","16":"tag-idee-week-end","17":"tag-location","18":"tag-news","19":"tag-randonnee","20":"tag-republique-francaise","21":"tag-strasbourg","22":"tag-vosges"},"share_on_mastodon":{"url":"https:\/\/pubeurope.com\/@fr\/114916389607226694","error":""},"_links":{"self":[{"href":"https:\/\/www.europesays.com\/fr\/wp-json\/wp\/v2\/posts\/273879","targetHints":{"allow":["GET"]}}],"collection":[{"href":"https:\/\/www.europesays.com\/fr\/wp-json\/wp\/v2\/posts"}],"about":[{"href":"https:\/\/www.europesays.com\/fr\/wp-json\/wp\/v2\/types\/post"}],"author":[{"embeddable":true,"href":"https:\/\/www.europesays.com\/fr\/wp-json\/wp\/v2\/users\/2"}],"replies":[{"embeddable":true,"href":"https:\/\/www.europesays.com\/fr\/wp-json\/wp\/v2\/comments?post=273879"}],"version-history":[{"count":0,"href":"https:\/\/www.europesays.com\/fr\/wp-json\/wp\/v2\/posts\/273879\/revisions"}],"wp:featuredmedia":[{"embeddable":true,"href":"https:\/\/www.europesays.com\/fr\/wp-json\/wp\/v2\/media\/273880"}],"wp:attachment":[{"href":"https:\/\/www.europesays.com\/fr\/wp-json\/wp\/v2\/media?parent=273879"}],"wp:term":[{"taxonomy":"category","embeddable":true,"href":"https:\/\/www.europesays.com\/fr\/wp-json\/wp\/v2\/categories?post=273879"},{"taxonomy":"post_tag","embeddable":true,"href":"https:\/\/www.europesays.com\/fr\/wp-json\/wp\/v2\/tags?post=273879"}],"curies":[{"name":"wp","href":"https:\/\/api.w.org\/{rel}","templated":true}]}}