{"id":273881,"date":"2025-07-25T23:08:14","date_gmt":"2025-07-25T23:08:14","guid":{"rendered":"https:\/\/www.europesays.com\/fr\/273881\/"},"modified":"2025-07-25T23:08:14","modified_gmt":"2025-07-25T23:08:14","slug":"je-le-sais-mais-jai-tellement-lhabitude-de-rouler-a-70km-h-depuis-des-annees-sur-le-bord-de-mer-de-saint-laurent-du-var-limite-les-controles-seront-nombreux","status":"publish","type":"post","link":"https:\/\/www.europesays.com\/fr\/273881\/","title":{"rendered":"\u00ab\u00a0Je le sais, mais j\u2019ai tellement l\u2019habitude de rouler \u00e0 70km\/h depuis des ann\u00e9es\u00a0\u00bb: sur le bord de mer de Saint-Laurent-du-Var limit\u00e9, les contr\u00f4les seront nombreux"},"content":{"rendered":"<p>Des panneaux de signalisation l\u2019annoncent depuis, presque un mois: la vitesse maximale autoris\u00e9e sur la route du bord de mer \u00e0 Saint-Laurent-du-Var \u2013 pr\u00e9c\u00e9demment limit\u00e9e \u00e0 70km\/h \u2013 est d\u00e9sormais limit\u00e9e \u00e0 50km\/h. Et \u00e7a surprend encore&#8230; \u00ab\u00a0Je le sais, mais j\u2019ai tellement l\u2019habitude de rouler \u00e0 70 depuis des ann\u00e9es\u00a0\u00bb, d\u00e9plore un automobiliste.<\/p>\n<p>\u00ab\u00a0Boulevard plus s\u00fbr et plus agr\u00e9able\u00a0\u00bb<\/p>\n<p>L\u2019objectif pour la mairie de Saint-Laurent-du-Var? Faire de cette art\u00e8re tr\u00e8s emprunt\u00e9e \u00ab\u00a0un boulevard urbain plus calme, plus s\u00fbr et plus agr\u00e9able\u00a0\u00bb. D\u2019apr\u00e8s Joseph Segura, maire laurentin: \u00ab\u00a0Cette d\u00e9cision s\u2019inscrit dans une logique de continuit\u00e9 territoriale et de qualit\u00e9 de vie. Moins de vitesse, c\u2019est moins de risques, moins de nuisances et plus de confort pour tous les usagers.\u00a0\u00bb<\/p>\n<p>Et, avis pour les t\u00eates en l\u2019air: afin de veiller \u00e0 la bonne application de cet abaissement de vitesse, les contr\u00f4les seront multipli\u00e9s. \u00ab\u00a0D\u2019abord de mani\u00e8re p\u00e9dagogique, puis de fa\u00e7on plus ferme si n\u00e9cessaire \u00ab\u00a0, pr\u00e9viens la mairie laurentine.<\/p>\n","protected":false},"excerpt":{"rendered":"Des panneaux de signalisation l\u2019annoncent depuis, presque un mois: la vitesse maximale autoris\u00e9e sur la route du bord&hellip;\n","protected":false},"author":2,"featured_media":273882,"comment_status":"","ping_status":"","sticky":false,"template":"","format":"standard","meta":{"footnotes":""},"categories":[2819],"tags":[1111,11,1777,674,1011,27,12,2401,882,25,656],"class_list":{"0":"post-273881","1":"post","2":"type-post","3":"status-publish","4":"format-standard","5":"has-post-thumbnail","7":"category-nice","8":"tag-actu","9":"tag-actualites","10":"tag-eu","11":"tag-europe","12":"tag-fr","13":"tag-france","14":"tag-news","15":"tag-nice","16":"tag-provence-alpes-cote-dazur","17":"tag-republique-francaise","18":"tag-securite"},"share_on_mastodon":{"url":"https:\/\/pubeurope.com\/@fr\/114916393285267986","error":""},"_links":{"self":[{"href":"https:\/\/www.europesays.com\/fr\/wp-json\/wp\/v2\/posts\/273881","targetHints":{"allow":["GET"]}}],"collection":[{"href":"https:\/\/www.europesays.com\/fr\/wp-json\/wp\/v2\/posts"}],"about":[{"href":"https:\/\/www.europesays.com\/fr\/wp-json\/wp\/v2\/types\/post"}],"author":[{"embeddable":true,"href":"https:\/\/www.europesays.com\/fr\/wp-json\/wp\/v2\/users\/2"}],"replies":[{"embeddable":true,"href":"https:\/\/www.europesays.com\/fr\/wp-json\/wp\/v2\/comments?post=273881"}],"version-history":[{"count":0,"href":"https:\/\/www.europesays.com\/fr\/wp-json\/wp\/v2\/posts\/273881\/revisions"}],"wp:featuredmedia":[{"embeddable":true,"href":"https:\/\/www.europesays.com\/fr\/wp-json\/wp\/v2\/media\/273882"}],"wp:attachment":[{"href":"https:\/\/www.europesays.com\/fr\/wp-json\/wp\/v2\/media?parent=273881"}],"wp:term":[{"taxonomy":"category","embeddable":true,"href":"https:\/\/www.europesays.com\/fr\/wp-json\/wp\/v2\/categories?post=273881"},{"taxonomy":"post_tag","embeddable":true,"href":"https:\/\/www.europesays.com\/fr\/wp-json\/wp\/v2\/tags?post=273881"}],"curies":[{"name":"wp","href":"https:\/\/api.w.org\/{rel}","templated":true}]}}