{"id":273897,"date":"2025-07-25T23:16:13","date_gmt":"2025-07-25T23:16:13","guid":{"rendered":"https:\/\/www.europesays.com\/fr\/273897\/"},"modified":"2025-07-25T23:16:13","modified_gmt":"2025-07-25T23:16:13","slug":"previsions-du-samedi-26-juillet-2025-4","status":"publish","type":"post","link":"https:\/\/www.europesays.com\/fr\/273897\/","title":{"rendered":"pr\u00e9visions du samedi 26 juillet 2025"},"content":{"rendered":"<p>\u00c0 Lille, le temps va doucement s&rsquo;am\u00e9liorer dans la journ\u00e9e et laisser place \u00e0 des \u00e9claircies. Il fera en moyenne 21\u00b0C. Dans la matin\u00e9e, les temp\u00e9ratures seront de 23\u00b0C. Un vent de sud-ouest rafra\u00eechira quelque peu l&rsquo;atmosph\u00e8re. Les temp\u00e9ratures seront comprises entre 24\u00b0C et 27\u00b0C dans l&rsquo;apr\u00e8s-midi. Il va faire 21\u00b0C en moyenne le soir. C&rsquo;est un ciel limpide que conna\u00eetra la nuit de samedi \u00e0 dimanche.<\/p>\n<p>Demain, \u00e0 Lille, on sera sous un ciel bien maussade, couvert de nuages. Une chute du mercure est \u00e0 craindre. Les valeurs afficheront entre 15 et 23\u00b0C. Un l\u00e9ger vent de nord-ouest sera ressenti par les habitants. Il n&rsquo;est pas impossible qu&rsquo;il y ait de l\u00e9g\u00e8res averses le matin. Demain apr\u00e8s-midi, encore des nuages dans le ciel qui emp\u00eachent le soleil d&rsquo;appara\u00eetre. Du mauvais temps est \u00e0 pr\u00e9voir. Des pluies \u00e9parses vont tomber. Les temp\u00e9ratures s&rsquo;\u00e9chelonneront de 21 \u00e0 23\u00b0C. Des \u00e9claircies sont pr\u00e9vues : on passera une soir\u00e9e agr\u00e9able.<\/p>\n<p>La m\u00e9t\u00e9o va s&rsquo;am\u00e9liorer dans les jours suivants. On s&rsquo;attend \u00e0 des journ\u00e9es ensoleill\u00e9es, avec des temp\u00e9ratures dans les 24\u00b0C en moyenne.<\/p>\n<p><\/p>\n","protected":false},"excerpt":{"rendered":"\u00c0 Lille, le temps va doucement s&rsquo;am\u00e9liorer dans la journ\u00e9e et laisser place \u00e0 des \u00e9claircies. Il fera&hellip;\n","protected":false},"author":2,"featured_media":273898,"comment_status":"","ping_status":"","sticky":false,"template":"","format":"standard","meta":{"footnotes":""},"categories":[2815],"tags":[1111,11,1777,674,1011,27,811,1307,12,2119,25],"class_list":{"0":"post-273897","1":"post","2":"type-post","3":"status-publish","4":"format-standard","5":"has-post-thumbnail","7":"category-lille","8":"tag-actu","9":"tag-actualites","10":"tag-eu","11":"tag-europe","12":"tag-fr","13":"tag-france","14":"tag-hauts-de-france","15":"tag-lille","16":"tag-news","17":"tag-previsions-meteo","18":"tag-republique-francaise"},"share_on_mastodon":{"url":"https:\/\/pubeurope.com\/@fr\/114916424852433153","error":""},"_links":{"self":[{"href":"https:\/\/www.europesays.com\/fr\/wp-json\/wp\/v2\/posts\/273897","targetHints":{"allow":["GET"]}}],"collection":[{"href":"https:\/\/www.europesays.com\/fr\/wp-json\/wp\/v2\/posts"}],"about":[{"href":"https:\/\/www.europesays.com\/fr\/wp-json\/wp\/v2\/types\/post"}],"author":[{"embeddable":true,"href":"https:\/\/www.europesays.com\/fr\/wp-json\/wp\/v2\/users\/2"}],"replies":[{"embeddable":true,"href":"https:\/\/www.europesays.com\/fr\/wp-json\/wp\/v2\/comments?post=273897"}],"version-history":[{"count":0,"href":"https:\/\/www.europesays.com\/fr\/wp-json\/wp\/v2\/posts\/273897\/revisions"}],"wp:featuredmedia":[{"embeddable":true,"href":"https:\/\/www.europesays.com\/fr\/wp-json\/wp\/v2\/media\/273898"}],"wp:attachment":[{"href":"https:\/\/www.europesays.com\/fr\/wp-json\/wp\/v2\/media?parent=273897"}],"wp:term":[{"taxonomy":"category","embeddable":true,"href":"https:\/\/www.europesays.com\/fr\/wp-json\/wp\/v2\/categories?post=273897"},{"taxonomy":"post_tag","embeddable":true,"href":"https:\/\/www.europesays.com\/fr\/wp-json\/wp\/v2\/tags?post=273897"}],"curies":[{"name":"wp","href":"https:\/\/api.w.org\/{rel}","templated":true}]}}