{"id":273899,"date":"2025-07-25T23:17:16","date_gmt":"2025-07-25T23:17:16","guid":{"rendered":"https:\/\/www.europesays.com\/fr\/273899\/"},"modified":"2025-07-25T23:17:16","modified_gmt":"2025-07-25T23:17:16","slug":"lutte-contre-les-discriminations-appel-a-projets-actualites","status":"publish","type":"post","link":"https:\/\/www.europesays.com\/fr\/273899\/","title":{"rendered":"Lutte contre les discriminations : appel \u00e0 projets \/ Actualit\u00e9s"},"content":{"rendered":"<p>Dans le cadre de son plan de lutte contre le racisme, l\u2019antis\u00e9mitisme et les discriminations li\u00e9es \u00e0 l\u2019origine, la Ville de Lille lance l&rsquo;appel \u00e0 projets \u00ab\u00a021 mars, Journ\u00e9e internationale pour l\u2019\u00e9limination de la discrimination raciale\u00a0\u00bb.\u00a0<\/p>\n<p>            <img loading=\"lazy\" decoding=\"async\" src=\"\/var\/www\/storage\/images\/mediatheque\/mairie-de-lille\/actualites\/images\/2025\/juillet-2025\/appel-a-projets\/3825571-1-fre-FR\/appel-a-projets_news_image_top.png\" width=\"779\" height=\"518\" alt=\"\"\/><\/p>\n<p>L&rsquo;action de la Ville<\/p>\n<p>Le conseil municipal de la Ville de Lille a vot\u00e9 lors de son assembl\u00e9e du 28 avril 2025, un <a href=\"https:\/\/www.lille.fr\/Actualites\/Plan-de-lutte-contre-les-discriminations\" target=\"_self\" class=\"lien_interne\" rel=\"noopener\">plan de lutte contre le racisme, l\u2019antis\u00e9mitisme et les discriminations li\u00e9es \u00e0 l\u2019origine<\/a>.<\/p>\n<p><strong>Ce plan se d\u00e9cline en 4 axes :<\/strong><\/p>\n<ol class=\"listOrdonnees \">\n<li>Agir pour mesurer les discriminations<\/li>\n<li>Agir pour faire reculer les pr\u00e9jug\u00e9s et les st\u00e9r\u00e9otypes<\/li>\n<li>Agir pour accompagner les victimes et r\u00e9tablir l\u2019\u00e9galit\u00e9<\/li>\n<li>Agir comme une municipalit\u00e9 exemplaire<\/li>\n<\/ol>\n<p>Afin de mettre en \u0153uvre ce plan et d\u2019encourager les actions de sensibilisation du grand public, une orientation inscrite dans l\u2019axe 2 du plan, <strong>la ville de Lille lance un appel \u00e0 projet pour l\u2019ann\u00e9e 2026<\/strong>.<\/p>\n<p>L&rsquo;appel \u00e0 projets<\/p>\n<p>\nL\u2019objectif est de proposer des animations, des temps d\u2019\u00e9change et de sensibilisation pour lutter contre le racisme, l\u2019antis\u00e9mitisme et les discriminations li\u00e9es \u00e0 l\u2019origine autour de la journ\u00e9e du 21 mars, Journ\u00e9e internationale de l\u2019\u00e9limination de la discrimination raciale. <br \/>Le souhait est d\u2019en engager de nouvelles actions en compl\u00e9ment \u00e0 celles existantes. Une attention sera port\u00e9e \u00e0 ce que les actions se d\u00e9roulent sur l\u2019ensemble des quartiers lillois et sur ceux des communes associ\u00e9es (Hellemmes et Lomme).<\/p>\n<p>Les projets pr\u00e9sent\u00e9s devront avoir un caract\u00e8re innovant et participer \u00e0 la lutte contre le racisme, l\u2019antis\u00e9mitisme, et les discriminations li\u00e9es \u00e0 l\u2019origine. Ils peuvent \u00eatre de nature culturelle, sportive, citoyenne : expositions, conf\u00e9rences, cin\u00e9-d\u00e9bat, outils p\u00e9dagogiques\u2026\u00a0<\/p>\n<p>Peuvent faire acte de candidature les associations domicili\u00e9es \u00e0 Lille,\u00a0Hellemmes ou Lomme, proposant des actions de lutte contre le racisme, l\u2019antis\u00e9mitisme et les discriminations li\u00e9es \u00e0 l\u2019origine.<\/p>\n<p>Calendrier<\/p>\n<ul class=\"listPuce\">\n<li><strong>25 juillet 2025<\/strong>: lancement de l\u2019appel \u00e0 projets.<\/li>\n<li><strong>25 septembre 2025<\/strong>, minuit : cl\u00f4ture de l\u2019appel \u00e0 projets.<\/li>\n<li><strong>D\u00e9cembre 2025<\/strong> : passage des dossiers de demande de subvention en Conseil municipal.<\/li>\n<li><strong>Fin d\u00e9cembre 2025<\/strong> : notification de d\u00e9cision aux partenaires sur les projets d\u00e9pos\u00e9s.<\/li>\n<li><strong>21 mars 2026<\/strong> : Journ\u00e9e internationale pour l\u2019\u00e9limination de la discrimination raciale.<\/li>\n<\/ul>\n<p>Candidature<\/p>\n<p>Retrouvez la proc\u00e9dure de d\u00e9p\u00f4t des dossiers et toutes les informations utiles dans la notice de l&rsquo;appel \u00e0 projets, ci-dessous.<\/p>\n","protected":false},"excerpt":{"rendered":"Dans le cadre de son plan de lutte contre le racisme, l\u2019antis\u00e9mitisme et les discriminations li\u00e9es \u00e0 l\u2019origine,&hellip;\n","protected":false},"author":2,"featured_media":273900,"comment_status":"","ping_status":"","sticky":false,"template":"","format":"standard","meta":{"footnotes":""},"categories":[2815],"tags":[1111,11,4763,1777,674,1011,27,811,1307,5415,12,25],"class_list":{"0":"post-273899","1":"post","2":"type-post","3":"status-publish","4":"format-standard","5":"has-post-thumbnail","7":"category-lille","8":"tag-actu","9":"tag-actualites","10":"tag-agenda","11":"tag-eu","12":"tag-europe","13":"tag-fr","14":"tag-france","15":"tag-hauts-de-france","16":"tag-lille","17":"tag-mairie","18":"tag-news","19":"tag-republique-francaise"},"share_on_mastodon":{"url":"https:\/\/pubeurope.com\/@fr\/114916428641488589","error":""},"_links":{"self":[{"href":"https:\/\/www.europesays.com\/fr\/wp-json\/wp\/v2\/posts\/273899","targetHints":{"allow":["GET"]}}],"collection":[{"href":"https:\/\/www.europesays.com\/fr\/wp-json\/wp\/v2\/posts"}],"about":[{"href":"https:\/\/www.europesays.com\/fr\/wp-json\/wp\/v2\/types\/post"}],"author":[{"embeddable":true,"href":"https:\/\/www.europesays.com\/fr\/wp-json\/wp\/v2\/users\/2"}],"replies":[{"embeddable":true,"href":"https:\/\/www.europesays.com\/fr\/wp-json\/wp\/v2\/comments?post=273899"}],"version-history":[{"count":0,"href":"https:\/\/www.europesays.com\/fr\/wp-json\/wp\/v2\/posts\/273899\/revisions"}],"wp:featuredmedia":[{"embeddable":true,"href":"https:\/\/www.europesays.com\/fr\/wp-json\/wp\/v2\/media\/273900"}],"wp:attachment":[{"href":"https:\/\/www.europesays.com\/fr\/wp-json\/wp\/v2\/media?parent=273899"}],"wp:term":[{"taxonomy":"category","embeddable":true,"href":"https:\/\/www.europesays.com\/fr\/wp-json\/wp\/v2\/categories?post=273899"},{"taxonomy":"post_tag","embeddable":true,"href":"https:\/\/www.europesays.com\/fr\/wp-json\/wp\/v2\/tags?post=273899"}],"curies":[{"name":"wp","href":"https:\/\/api.w.org\/{rel}","templated":true}]}}