{"id":273901,"date":"2025-07-25T23:18:15","date_gmt":"2025-07-25T23:18:15","guid":{"rendered":"https:\/\/www.europesays.com\/fr\/273901\/"},"modified":"2025-07-25T23:18:15","modified_gmt":"2025-07-25T23:18:15","slug":"decouvrez-miss-provence-2025-julie-zitouni-originaire-de-marseille","status":"publish","type":"post","link":"https:\/\/www.europesays.com\/fr\/273901\/","title":{"rendered":"D\u00e9couvrez Miss Provence 2025, Julie Zitouni originaire de Marseille"},"content":{"rendered":"<p>C&rsquo;est \u00e0 Saint-Rapha\u00ebl, l\u00e0 o\u00f9 d&rsquo;ailleurs l&rsquo;ann\u00e9e prochaine un mus\u00e9e Miss France doit ouvrir ses portes, que <a href=\"https:\/\/www.laprovence.com\/article\/region\/6673394276658514\/miss-provence-2025-decouvrez-en-image-le-portrait-des-14-candidates-en-lice\" target=\"_blank\" rel=\"noopener\">Miss Provence 2025 a \u00e9t\u00e9 \u00e9lue ce vendredi soir<\/a> au bout de la nuit. \u00ab\u00a0Je me suis pr\u00e9sent\u00e9e \u00e0 l&rsquo;\u00e9lection pour repr\u00e9senter avec fiert\u00e9 le sud, me d\u00e9passer, partager ma joie de vivre, sourit les larmes aux yeux Julie Zitouni, originaire de Marseille, \u00e0 peine la couronne pos\u00e9e sur sa t\u00eate. Je n&rsquo;en reviens pas. Merci tout simplement !\u00a0\u00bb<\/p>\n<p>Sur le th\u00e8me du \u00ab\u00a0power flower\u00a0\u00bb<\/p>\n<p>Comme pour le concours national, c&rsquo;est dans un clip vid\u00e9o de 45 secondes que les 14 candidates se sont pr\u00e9sent\u00e9es au quelque milliers de spectateurs pr\u00e9sents \u00e0 l&rsquo;agora du Palais des Congr\u00e8s de la cit\u00e9 varoise. Une courte pr\u00e9sentation qui a ensuite laiss\u00e9 place au premier d\u00e9fil\u00e9 sur le th\u00e8me du \u00ab\u00a0power flower\u00a0\u00bb.<\/p>\n<p>Plumes immacul\u00e9es dans le dos, les Miss d\u00e9ambulent sur le podium o\u00f9 chaque passage sur le podium d\u00e9clenche l&rsquo;hyst\u00e9rie de leurs groupies. Un premier tableau ponctu\u00e9 par le passage de M\u00e9gane Bertaud, Miss Provence 2024, et Ang\u00e9lique Angarni-Filopon, Miss France 2025.<\/p>\n<p>Les 14 jeunes femmes sont ensuite revenues, fleurs en brassard \u00e0 chaque bras, pour prendre la parole. Une \u00e9tape redout\u00e9e et parfois redoutable o\u00f9 certaines s&rsquo;affirment, d&rsquo;autres tr\u00e9buchent.<\/p>\n<p>\u00ab\u00a0Transmettre de la positivit\u00e9\u00a0\u00bb, \u00ab\u00a0avoir de l&rsquo;ambition\u00a0\u00bb, \u00ab\u00a0\u00eatre une femme qui ose\u00a0\u00bb, \u00ab\u00a0Miss France est une femme qui peut influencer parce qu&rsquo;elle peut \u00eatre influente\u00a0\u00bb&#8230; les r\u00e9ponses aux questions pos\u00e9es s&rsquo;encha\u00eenent, avec plus ou moins de succ\u00e8s. C&rsquo;est le jeu et elles le savent : la Miss Provence doit \u00eatre l&rsquo;\u00e9tendard de la r\u00e9gion en d\u00e9cembre prochain pour le concours national.\u00a0<\/p>\n<p>\u00ab\u00a0Marseille, c&rsquo;est un \u00e9tat d&rsquo;esprit\u00a0\u00bb<\/p>\n<p>Les tableaux s&rsquo;enchainent, Miss France fait le show symbolisant son parcours d&rsquo;h\u00f4tesse de l&rsquo;air \u00e0 reine de beaut\u00e9 \u00e0 travers une sc\u00e9nographie rythm\u00e9e. Apr\u00e8s le vote du public pr\u00e9sent, les 7 premi\u00e8res candidates ont \u00e9t\u00e9 ensuite class\u00e9es par le jury compos\u00e9 de partenaires du concours et des membres du comit\u00e9 Paca.<\/p>\n<p>\u00ab\u00a0Cette aventure a \u00e9t\u00e9 humaine et chaleureuse. C&rsquo;est inoubliable et je souhaite \u00e0 notre nouvelle Miss Provence de passer une aussi belle ann\u00e9e\u00a0\u00bb, a confi\u00e9, sous l&rsquo;\u00e9motion, M\u00e9gane Bertaud au moment de couronner celle qui lui succ\u00e8de.<\/p>\n<p><img alt=\"Julie Zitouni, Miss Provence 2025, accompagn\u00e9e de Miss France 2025 et Miss Provence 2024.\" loading=\"lazy\" decoding=\"async\" data-nimg=\"fill\" class=\" TwicCore_img__i9TC1 undefined  undefined\" style=\"position:absolute;height:100%;width:100%;left:0;top:0;right:0;bottom:0;color:transparent;background-size:cover;background-position:50% 50%;background-repeat:no-repeat;background-image:url(&quot;data:image\/svg+xml;charset=utf-8,%3Csvg xmlns='http:\/\/www.w3.org\/2000\/svg' %3E%3Cfilter id='b' color-interpolation-filters='sRGB'%3E%3CfeGaussianBlur stdDeviation='20'\/%3E%3CfeColorMatrix values='1 0 0 0 0 0 1 0 0 0 0 0 1 0 0 0 0 0 100 -1' result='s'\/%3E%3CfeFlood x='0' y='0' width='100%25' height='100%25'\/%3E%3CfeComposite operator='out' in='s'\/%3E%3CfeComposite in2='SourceGraphic'\/%3E%3CfeGaussianBlur stdDeviation='20'\/%3E%3C\/filter%3E%3Cimage width='100%25' height='100%25' x='0' y='0' preserveAspectRatio='none' style='filter: url(%23b);' href='https:\/\/pictures.laprovence.com\/cdn-cgi\/image\/blur=250\/media\/melody\/2025\/07\/26\/miss-france-1753484607_fd2e26ec04886523e26ec0488663e2v_.jpg'\/%3E%3C\/svg%3E&quot;)\"   src=\"https:\/\/www.europesays.com\/fr\/wp-content\/uploads\/2025\/07\/miss-france-1753484607_fd2e26ec04886523e26ec0488663e2v_.jpg\"\/>Julie Zitouni, Miss Provence 2025, accompagn\u00e9e de Miss France 2025 et Miss Provence 2024. Photo J.J.<\/p>\n<p>Dans une robe \u00e0 rendre jalouse Sisi l&rsquo;imp\u00e9ratrice, Julie Zitouni \u00ab\u00a0doit encore r\u00e9aliser\u00a0\u00bb. Ce qui a marqu\u00e9 sur sc\u00e8ne, c&rsquo;est certainement son aisance en plus de sa beaut\u00e9. \u00ab\u00a0Quand je suis \u00e0 l&rsquo;aise, je fais des blagues, souffle-t-elle sous le regard de ses deux jeunes soeurs. C&rsquo;\u00e9tait ma premi\u00e8re participation. J&rsquo;ai senti que les choses \u00e9taient align\u00e9es pour que j&rsquo;y aille : j&rsquo;avais du soutien. Je me suis dit alors : &lsquo;Et si on misait sur moi ?'\u00a0\u00bb.\u00a0<\/p>\n<p>Et si permettait \u00e0 la Provence d&rsquo;\u00eatre couronn\u00e9e en d\u00e9cembre prochain ? Une \u00e9charpe tricolore qui n&rsquo;a pas \u00e9t\u00e9 de la r\u00e9gion depuis&#8230; 1979. Une autre \u00e9poque. \u00ab\u00a0Je vais tout donner. La Provence va briller\u00a0\u00bb, affirme dans un sourire la Marseillaise.<\/p>\n<p>4e dauphine : M\u00e9lanie Auzoux, 28 ans, originaire de Toulon<\/p>\n<p>3e dauphine : Rose Lombardozzi, 26 ans, originaire de Marseille<\/p>\n<p>2e dauphine : Andr\u00e9a Pateras, 29 ans, originaire de Pourri\u00e8res<\/p>\n<p>1\u00e8re dauphine : Manon Job, 24 ans, originaire de S\u00e9rignan-du-Comtat<\/p>\n","protected":false},"excerpt":{"rendered":"C&rsquo;est \u00e0 Saint-Rapha\u00ebl, l\u00e0 o\u00f9 d&rsquo;ailleurs l&rsquo;ann\u00e9e prochaine un mus\u00e9e Miss France doit ouvrir ses portes, que Miss&hellip;\n","protected":false},"author":2,"featured_media":273902,"comment_status":"","ping_status":"","sticky":false,"template":"","format":"standard","meta":{"footnotes":""},"categories":[2814],"tags":[17,1111,11,3474,1777,674,1011,27,38422,884,27472,12,9419,1186,882,16,25,41346],"class_list":{"0":"post-273901","1":"post","2":"type-post","3":"status-publish","4":"format-standard","5":"has-post-thumbnail","7":"category-marseille","8":"tag-17","9":"tag-actu","10":"tag-actualites","11":"tag-decouvrez","12":"tag-eu","13":"tag-europe","14":"tag-fr","15":"tag-france","16":"tag-julie","17":"tag-marseille","18":"tag-miss","19":"tag-news","20":"tag-originaire","21":"tag-provence","22":"tag-provence-alpes-cote-dazur","23":"tag-region","24":"tag-republique-francaise","25":"tag-zitouni"},"share_on_mastodon":{"url":"https:\/\/pubeurope.com\/@fr\/114916432511401708","error":""},"_links":{"self":[{"href":"https:\/\/www.europesays.com\/fr\/wp-json\/wp\/v2\/posts\/273901","targetHints":{"allow":["GET"]}}],"collection":[{"href":"https:\/\/www.europesays.com\/fr\/wp-json\/wp\/v2\/posts"}],"about":[{"href":"https:\/\/www.europesays.com\/fr\/wp-json\/wp\/v2\/types\/post"}],"author":[{"embeddable":true,"href":"https:\/\/www.europesays.com\/fr\/wp-json\/wp\/v2\/users\/2"}],"replies":[{"embeddable":true,"href":"https:\/\/www.europesays.com\/fr\/wp-json\/wp\/v2\/comments?post=273901"}],"version-history":[{"count":0,"href":"https:\/\/www.europesays.com\/fr\/wp-json\/wp\/v2\/posts\/273901\/revisions"}],"wp:featuredmedia":[{"embeddable":true,"href":"https:\/\/www.europesays.com\/fr\/wp-json\/wp\/v2\/media\/273902"}],"wp:attachment":[{"href":"https:\/\/www.europesays.com\/fr\/wp-json\/wp\/v2\/media?parent=273901"}],"wp:term":[{"taxonomy":"category","embeddable":true,"href":"https:\/\/www.europesays.com\/fr\/wp-json\/wp\/v2\/categories?post=273901"},{"taxonomy":"post_tag","embeddable":true,"href":"https:\/\/www.europesays.com\/fr\/wp-json\/wp\/v2\/tags?post=273901"}],"curies":[{"name":"wp","href":"https:\/\/api.w.org\/{rel}","templated":true}]}}