{"id":273903,"date":"2025-07-25T23:19:11","date_gmt":"2025-07-25T23:19:11","guid":{"rendered":"https:\/\/www.europesays.com\/fr\/273903\/"},"modified":"2025-07-25T23:19:11","modified_gmt":"2025-07-25T23:19:11","slug":"previsions-du-samedi-26-juillet-2025-5","status":"publish","type":"post","link":"https:\/\/www.europesays.com\/fr\/273903\/","title":{"rendered":"pr\u00e9visions du samedi 26 juillet 2025"},"content":{"rendered":"<p>Aujourd&rsquo;hui, un beau soleil brillera sur Marseille. Le mercure affichera 25\u00b0C en moyenne. La ville sera touch\u00e9e par un vent de nord-ouest de 29 km\/h. L&rsquo;\u00e9t\u00e9 prend ses quartiers ! Les temp\u00e9ratures vont monter pendant l&rsquo;apr\u00e8s-midi de plusieurs degr\u00e9s. Il va faire chaud avec des temp\u00e9ratures qui s&rsquo;\u00e9chelonneront entre 28 et 29\u00b0C. Les valeurs avoisineront les 27\u00b0C au cours de la soir\u00e9e. Entre samedi et dimanche, la nuit sera claire.<\/p>\n<p>Un bel ensoleillement est attendu demain \u00e0 Marseille. Un temps plus chaud est \u00e0 pr\u00e9voir puisque les temp\u00e9ratures vont enregistrer une hausse, remplissant les terrasses d&rsquo;habitants et de touristes venus appr\u00e9cier l&rsquo;\u00e9t\u00e9. Ce sera un bel \u00e9t\u00e9 : les temp\u00e9ratures seront comprises entre 22 et 29\u00b0C. Un vent de nord-ouest soufflera \u00e0 37 km\/h. La chaleur estivale sera bien au rendez-vous puisque les valeurs seront tout de m\u00eame de 28\u00b0C au plus bas et de 29\u00b0C au plus haut l&rsquo;apr\u00e8s-midi.<\/p>\n<p>Les jours qui suivent s&rsquo;annoncent similaires. Le temps sera ensoleill\u00e9 avec des temp\u00e9ratures d&rsquo;environ 27\u00b0C.<\/p>\n<p><\/p>\n","protected":false},"excerpt":{"rendered":"Aujourd&rsquo;hui, un beau soleil brillera sur Marseille. Le mercure affichera 25\u00b0C en moyenne. La ville sera touch\u00e9e par&hellip;\n","protected":false},"author":2,"featured_media":273904,"comment_status":"","ping_status":"","sticky":false,"template":"","format":"standard","meta":{"footnotes":""},"categories":[2814],"tags":[1111,11,885,1777,674,1011,27,884,12,883,2119,882,25],"class_list":{"0":"post-273903","1":"post","2":"type-post","3":"status-publish","4":"format-standard","5":"has-post-thumbnail","7":"category-marseille","8":"tag-actu","9":"tag-actualites","10":"tag-bouches-du-rhone","11":"tag-eu","12":"tag-europe","13":"tag-fr","14":"tag-france","15":"tag-marseille","16":"tag-news","17":"tag-paca","18":"tag-previsions-meteo","19":"tag-provence-alpes-cote-dazur","20":"tag-republique-francaise"},"share_on_mastodon":{"url":"https:\/\/pubeurope.com\/@fr\/114916436518883861","error":""},"_links":{"self":[{"href":"https:\/\/www.europesays.com\/fr\/wp-json\/wp\/v2\/posts\/273903","targetHints":{"allow":["GET"]}}],"collection":[{"href":"https:\/\/www.europesays.com\/fr\/wp-json\/wp\/v2\/posts"}],"about":[{"href":"https:\/\/www.europesays.com\/fr\/wp-json\/wp\/v2\/types\/post"}],"author":[{"embeddable":true,"href":"https:\/\/www.europesays.com\/fr\/wp-json\/wp\/v2\/users\/2"}],"replies":[{"embeddable":true,"href":"https:\/\/www.europesays.com\/fr\/wp-json\/wp\/v2\/comments?post=273903"}],"version-history":[{"count":0,"href":"https:\/\/www.europesays.com\/fr\/wp-json\/wp\/v2\/posts\/273903\/revisions"}],"wp:featuredmedia":[{"embeddable":true,"href":"https:\/\/www.europesays.com\/fr\/wp-json\/wp\/v2\/media\/273904"}],"wp:attachment":[{"href":"https:\/\/www.europesays.com\/fr\/wp-json\/wp\/v2\/media?parent=273903"}],"wp:term":[{"taxonomy":"category","embeddable":true,"href":"https:\/\/www.europesays.com\/fr\/wp-json\/wp\/v2\/categories?post=273903"},{"taxonomy":"post_tag","embeddable":true,"href":"https:\/\/www.europesays.com\/fr\/wp-json\/wp\/v2\/tags?post=273903"}],"curies":[{"name":"wp","href":"https:\/\/api.w.org\/{rel}","templated":true}]}}