{"id":273906,"date":"2025-07-25T23:21:11","date_gmt":"2025-07-25T23:21:11","guid":{"rendered":"https:\/\/www.europesays.com\/fr\/273906\/"},"modified":"2025-07-25T23:21:11","modified_gmt":"2025-07-25T23:21:11","slug":"previsions-du-samedi-26-juillet-2025-6","status":"publish","type":"post","link":"https:\/\/www.europesays.com\/fr\/273906\/","title":{"rendered":"pr\u00e9visions du samedi 26 juillet 2025"},"content":{"rendered":"<p>Le ciel de Lyon sera relativement lumineux, avec quelques \u00e9claircies aujourd&rsquo;hui. Les temp\u00e9ratures tourneront autour des 21\u00b0C. Un vent de nord-ouest soufflera un peu, avec 11 km\/h. Le matin, le mercure affichera 21\u00b0C en moyenne. L&rsquo;air ambiant va se r\u00e9chauffer l&rsquo;apr\u00e8s-midi avec une hausse de plusieurs degr\u00e9s. Les valeurs seront de 25\u00b0C au minimum et de 27\u00b0C au maximum. Des \u00e9claircies sont pr\u00e9vues : on passera une soir\u00e9e agr\u00e9able. On anticipe des temp\u00e9ratures avoisinant 22\u00b0C. Pendant que vous dormirez, dans la nuit de samedi \u00e0 dimanche, le ciel sera clair.<\/p>\n<p>Le ciel sera toujours couvert demain, \u00e0 Lyon, avec des nuages. Il fera en moyenne 21\u00b0C. Un petit vent de nord-ouest sera ressenti par les habitants. En revanche, le matin, un beau soleil brillera. L&rsquo;arriv\u00e9e du soleil demain apr\u00e8s-midi sera retard\u00e9e par un certain nombre de nuages. Du mauvais temps est \u00e0 pr\u00e9voir. Des pluies \u00e9parses vont tomber. Les maximales pourront atteindre 25\u00b0C tandis que les minimales seront de 22\u00b0C. Dans la soir\u00e9e, les temp\u00e9ratures avoisineront les 20\u00b0C.<\/p>\n<p>Les conditions m\u00e9t\u00e9orologiques vont s&rsquo;am\u00e9liorer dans les journ\u00e9es suivantes. On s&rsquo;attend \u00e0 des journ\u00e9es ensoleill\u00e9es, avec des temp\u00e9ratures dans les 26\u00b0C en moyenne.<\/p>\n<p><\/p>\n","protected":false},"excerpt":{"rendered":"Le ciel de Lyon sera relativement lumineux, avec quelques \u00e9claircies aujourd&rsquo;hui. Les temp\u00e9ratures tourneront autour des 21\u00b0C. Un&hellip;\n","protected":false},"author":2,"featured_media":273907,"comment_status":"","ping_status":"","sticky":false,"template":"","format":"standard","meta":{"footnotes":""},"categories":[1889],"tags":[1111,11,2430,1777,674,1011,27,2428,12,2119,25,2429,2431],"class_list":{"0":"post-273906","1":"post","2":"type-post","3":"status-publish","4":"format-standard","5":"has-post-thumbnail","7":"category-lyon","8":"tag-actu","9":"tag-actualites","10":"tag-auvergne-rhone-alpes","11":"tag-eu","12":"tag-europe","13":"tag-fr","14":"tag-france","15":"tag-lyon","16":"tag-news","17":"tag-previsions-meteo","18":"tag-republique-francaise","19":"tag-rhone","20":"tag-rhone-alpes"},"share_on_mastodon":{"url":"https:\/\/pubeurope.com\/@fr\/114916444209913294","error":""},"_links":{"self":[{"href":"https:\/\/www.europesays.com\/fr\/wp-json\/wp\/v2\/posts\/273906","targetHints":{"allow":["GET"]}}],"collection":[{"href":"https:\/\/www.europesays.com\/fr\/wp-json\/wp\/v2\/posts"}],"about":[{"href":"https:\/\/www.europesays.com\/fr\/wp-json\/wp\/v2\/types\/post"}],"author":[{"embeddable":true,"href":"https:\/\/www.europesays.com\/fr\/wp-json\/wp\/v2\/users\/2"}],"replies":[{"embeddable":true,"href":"https:\/\/www.europesays.com\/fr\/wp-json\/wp\/v2\/comments?post=273906"}],"version-history":[{"count":0,"href":"https:\/\/www.europesays.com\/fr\/wp-json\/wp\/v2\/posts\/273906\/revisions"}],"wp:featuredmedia":[{"embeddable":true,"href":"https:\/\/www.europesays.com\/fr\/wp-json\/wp\/v2\/media\/273907"}],"wp:attachment":[{"href":"https:\/\/www.europesays.com\/fr\/wp-json\/wp\/v2\/media?parent=273906"}],"wp:term":[{"taxonomy":"category","embeddable":true,"href":"https:\/\/www.europesays.com\/fr\/wp-json\/wp\/v2\/categories?post=273906"},{"taxonomy":"post_tag","embeddable":true,"href":"https:\/\/www.europesays.com\/fr\/wp-json\/wp\/v2\/tags?post=273906"}],"curies":[{"name":"wp","href":"https:\/\/api.w.org\/{rel}","templated":true}]}}