{"id":273912,"date":"2025-07-25T23:27:10","date_gmt":"2025-07-25T23:27:10","guid":{"rendered":"https:\/\/www.europesays.com\/fr\/273912\/"},"modified":"2025-07-25T23:27:10","modified_gmt":"2025-07-25T23:27:10","slug":"previsions-du-samedi-26-juillet-2025-7","status":"publish","type":"post","link":"https:\/\/www.europesays.com\/fr\/273912\/","title":{"rendered":"pr\u00e9visions du samedi 26 juillet 2025"},"content":{"rendered":"<p>\u00c0 Paris, on pr\u00e9voit une embellie pour cette journ\u00e9e. Les temp\u00e9ratures seront comprises entre 16 et 28\u00b0C. Un vent de nord-ouest rafra\u00eechira un peu l&rsquo;atmosph\u00e8re. Les valeurs avoisineront les 22\u00b0C dans la matin\u00e9e. La m\u00e9t\u00e9o va se r\u00e9chauffer l&rsquo;apr\u00e8s-midi avec une augmentation de plusieurs degr\u00e9s. Les temp\u00e9ratures seront de 26\u00b0C au minimum et de 28\u00b0C au maximum. Durant la nuit de samedi \u00e0 dimanche, le ciel sera limpide.<\/p>\n<p>Le ciel sera toujours couvert demain, \u00e0 Paris, avec des nuages. Le mercure va chuter de quelques degr\u00e9s. Les valeurs s&rsquo;\u00e9chelonneront entre 16 et 25\u00b0C. Une modeste brise de nord-ouest sera ressentie par les habitants. D&rsquo;un autre c\u00f4t\u00e9, cette matin\u00e9e sera synonyme de beau soleil. Le thermom\u00e8tre affichera 21\u00b0C en moyenne. Demain apr\u00e8s-midi, des nuages \u00e9mailleront le ciel, g\u00eanant ainsi l&rsquo;arriv\u00e9e du soleil. Il n&rsquo;est pas impossible qu&rsquo;il y ait de l\u00e9g\u00e8res averses. Les temp\u00e9ratures s&rsquo;\u00e9chelonneront de 19 \u00e0 25\u00b0C.<\/p>\n<p>Le temps des jours suivants va s&rsquo;am\u00e9liorer. Un ciel ensoleill\u00e9, pour des temp\u00e9ratures de 24\u00b0C en moyenne, est \u00e0 pr\u00e9voir.<\/p>\n<p><\/p>\n","protected":false},"excerpt":{"rendered":"\u00c0 Paris, on pr\u00e9voit une embellie pour cette journ\u00e9e. Les temp\u00e9ratures seront comprises entre 16 et 28\u00b0C. Un&hellip;\n","protected":false},"author":2,"featured_media":273913,"comment_status":"","ping_status":"","sticky":false,"template":"","format":"standard","meta":{"footnotes":""},"categories":[1888],"tags":[11,1777,674,1011,27,662,12,626,2119,25],"class_list":{"0":"post-273912","1":"post","2":"type-post","3":"status-publish","4":"format-standard","5":"has-post-thumbnail","7":"category-paris","8":"tag-actualites","9":"tag-eu","10":"tag-europe","11":"tag-fr","12":"tag-france","13":"tag-ile-de-france","14":"tag-news","15":"tag-paris","16":"tag-previsions-meteo","17":"tag-republique-francaise"},"share_on_mastodon":{"url":"https:\/\/pubeurope.com\/@fr\/114916467969414737","error":""},"_links":{"self":[{"href":"https:\/\/www.europesays.com\/fr\/wp-json\/wp\/v2\/posts\/273912","targetHints":{"allow":["GET"]}}],"collection":[{"href":"https:\/\/www.europesays.com\/fr\/wp-json\/wp\/v2\/posts"}],"about":[{"href":"https:\/\/www.europesays.com\/fr\/wp-json\/wp\/v2\/types\/post"}],"author":[{"embeddable":true,"href":"https:\/\/www.europesays.com\/fr\/wp-json\/wp\/v2\/users\/2"}],"replies":[{"embeddable":true,"href":"https:\/\/www.europesays.com\/fr\/wp-json\/wp\/v2\/comments?post=273912"}],"version-history":[{"count":0,"href":"https:\/\/www.europesays.com\/fr\/wp-json\/wp\/v2\/posts\/273912\/revisions"}],"wp:featuredmedia":[{"embeddable":true,"href":"https:\/\/www.europesays.com\/fr\/wp-json\/wp\/v2\/media\/273913"}],"wp:attachment":[{"href":"https:\/\/www.europesays.com\/fr\/wp-json\/wp\/v2\/media?parent=273912"}],"wp:term":[{"taxonomy":"category","embeddable":true,"href":"https:\/\/www.europesays.com\/fr\/wp-json\/wp\/v2\/categories?post=273912"},{"taxonomy":"post_tag","embeddable":true,"href":"https:\/\/www.europesays.com\/fr\/wp-json\/wp\/v2\/tags?post=273912"}],"curies":[{"name":"wp","href":"https:\/\/api.w.org\/{rel}","templated":true}]}}