{"id":273920,"date":"2025-07-25T23:31:12","date_gmt":"2025-07-25T23:31:12","guid":{"rendered":"https:\/\/www.europesays.com\/fr\/273920\/"},"modified":"2025-07-25T23:31:12","modified_gmt":"2025-07-25T23:31:12","slug":"les-investisseurs-misent-sur-un-possible-accord-commercial-usa-europe-a-lapproche-de-la-date-limite","status":"publish","type":"post","link":"https:\/\/www.europesays.com\/fr\/273920\/","title":{"rendered":"Les investisseurs misent sur un possible accord commercial USA-Europe \u00e0 l&rsquo;approche de la date limite"},"content":{"rendered":"<p>Les investisseurs nourrissent l&rsquo;espoir qu&rsquo;un accord commercial potentiel entre les \u00c9tats-Unis et l&rsquo;Union europ\u00e9enne puisse apporter davantage de stabilit\u00e9 aux march\u00e9s, alors que la date butoir pour l&rsquo;instauration de nouveaux droits de douane approche vendredi prochain.<\/p>\n<p>\nLa pr\u00e9sidente de la Commission europ\u00e9enne, Ursula von der Leyen, devait rencontrer le pr\u00e9sident am\u00e9ricain Donald Trump dimanche en \u00c9cosse, apr\u00e8s que des responsables et diplomates europ\u00e9ens eurent indiqu\u00e9 s&rsquo;attendre \u00e0 la conclusion d&rsquo;un accord-cadre ce week-end. Vendredi, Donald Trump a estim\u00e9 qu&rsquo;il y avait \u00ab\u00a0une chance sur deux, voire moins\u00a0\u00bb que les \u00c9tats-Unis parviennent \u00e0 un accord commercial avec l&rsquo;UE.<\/p>\n<p>\nLes tensions commerciales entre Washington et Bruxelles ont incit\u00e9 certains investisseurs \u00e0 la prudence, explique Sameer Samana, responsable des actions mondiales et des actifs r\u00e9els au sein de Wells Fargo Investment Institute.<\/p>\n<p>\n\u00ab Il s&rsquo;agit de l&rsquo;une de nos plus grandes relations commerciales&#8230; Donc, si ce dernier \u00e9l\u00e9ment se met en place, il y aura probablement, \u00e0 la marge, davantage d&rsquo;investisseurs qui devront revenir sur les march\u00e9s \u00bb, estime Samana. \u00ab C&rsquo;est une source d&rsquo;incertitude qui dispara\u00eetra. \u00bb<\/p>\n<p>\nUn accord pr\u00e9voirait vraisemblablement un droit de douane de base de 15\u00a0% sur l&rsquo;ensemble des produits europ\u00e9ens entrant aux \u00c9tats-Unis, ainsi qu&rsquo;un tarif probablement port\u00e9 \u00e0 50\u00a0% sur l&rsquo;acier et l&rsquo;aluminium europ\u00e9ens, selon les responsables et diplomates.<\/p>\n<p>\nL&rsquo;optimisme li\u00e9 \u00e0 un possible apaisement des tensions commerciales a globalement contribu\u00e9 \u00e0 porter les actions am\u00e9ricaines \u00e0 des sommets historiques. L&rsquo;annonce par Trump, le 2 avril, d&rsquo;une \u00ab\u00a0Journ\u00e9e de la lib\u00e9ration\u00a0\u00bb marqu\u00e9e par l&rsquo;imposition de droits de douane mondiaux avait entra\u00een\u00e9 une chute imm\u00e9diate des march\u00e9s, alimentant les craintes d&rsquo;une r\u00e9cession qui se sont depuis estomp\u00e9es.<\/p>\n<p>\nMalgr\u00e9 tout, les investisseurs se pr\u00e9parent \u00e0 une volatilit\u00e9 accrue \u00e0 l&rsquo;approche du 1er\u00a0ao\u00fbt, date \u00e0 laquelle les \u00c9tats-Unis pr\u00e9voient d&rsquo;augmenter les taxes sur un large panel de partenaires commerciaux.<\/p>\n<p>\nL&rsquo;UE fait face \u00e0 des droits de douane am\u00e9ricains sur plus de 70\u00a0% de ses exportations\u00a0: 50\u00a0% sur l&rsquo;acier et l&rsquo;aluminium, 25\u00a0% sur les voitures et pi\u00e8ces d\u00e9tach\u00e9es, et une taxe de 10\u00a0% sur la plupart des autres produits europ\u00e9ens, que Trump a menac\u00e9 de porter \u00e0 30\u00a0% au 1er\u00a0ao\u00fbt.<\/p>\n<p>\nLes espoirs d&rsquo;un accord avec l&rsquo;Europe se sont accrus apr\u00e8s que Trump a conclu un accord commercial avec le Japon plus t\u00f4t dans la semaine.<\/p>\n<p>\n\u00ab L&rsquo;accord avec le Japon et celui, probable, avec l&rsquo;UE sont particuli\u00e8rement importants, dans la mesure o\u00f9 ces deux partenaires repr\u00e9sentent ensemble environ un quart de toutes les importations de biens \u00e9tats-uniennes \u00bb, soulignent vendredi les analystes de Capital Economics dans une note.<\/p>\n<p>\nDans l&rsquo;accord avec le Japon, le secteur automobile, qui repr\u00e9sente plus du quart des exportations nippones vers les \u00c9tats-Unis, verra ses droits de douane r\u00e9duits \u00e0 15\u00a0% contre 27,5\u00a0% pr\u00e9c\u00e9demment.<\/p>\n<p>\nUn accord abaissant \u00e9galement les droits de douane sur les automobiles europ\u00e9ennes \u00e0 15\u00a0% \u00ab\u00a0ne serait pas anodin\u00a0\u00bb pour la r\u00e9gion, car environ 10\u00a0% de ses exportations vers les \u00c9tats-Unis concernent ce secteur, rel\u00e8vent les analystes de Capital Economics.<\/p>\n<p>\nLes investisseurs surveillaient \u00e9galement ce week-end les \u00e9volutions des n\u00e9gociations commerciales entre les \u00c9tats-Unis et la Chine. Des responsables des deux pays doivent se r\u00e9unir \u00e0 Stockholm la semaine prochaine pour discuter de la prolongation de la date limite du 12 ao\u00fbt pour la conclusion d&rsquo;un accord.<\/p>\n","protected":false},"excerpt":{"rendered":"Les investisseurs nourrissent l&rsquo;espoir qu&rsquo;un accord commercial potentiel entre les \u00c9tats-Unis et l&rsquo;Union europ\u00e9enne puisse apporter davantage de&hellip;\n","protected":false},"author":2,"featured_media":273921,"comment_status":"","ping_status":"","sticky":false,"template":"","format":"standard","meta":{"footnotes":""},"categories":[1589],"tags":[11,340,73,1866,12,1864,1865,1863,308],"class_list":{"0":"post-273920","1":"post","2":"type-post","3":"status-publish","4":"format-standard","5":"has-post-thumbnail","7":"category-etats-unis","8":"tag-actualites","9":"tag-bourse","10":"tag-etats-unis","11":"tag-etats-unis-damerique","12":"tag-news","13":"tag-united-states","14":"tag-united-states-of-america","15":"tag-us","16":"tag-usa"},"share_on_mastodon":{"url":"https:\/\/pubeurope.com\/@fr\/114916483653507540","error":""},"_links":{"self":[{"href":"https:\/\/www.europesays.com\/fr\/wp-json\/wp\/v2\/posts\/273920","targetHints":{"allow":["GET"]}}],"collection":[{"href":"https:\/\/www.europesays.com\/fr\/wp-json\/wp\/v2\/posts"}],"about":[{"href":"https:\/\/www.europesays.com\/fr\/wp-json\/wp\/v2\/types\/post"}],"author":[{"embeddable":true,"href":"https:\/\/www.europesays.com\/fr\/wp-json\/wp\/v2\/users\/2"}],"replies":[{"embeddable":true,"href":"https:\/\/www.europesays.com\/fr\/wp-json\/wp\/v2\/comments?post=273920"}],"version-history":[{"count":0,"href":"https:\/\/www.europesays.com\/fr\/wp-json\/wp\/v2\/posts\/273920\/revisions"}],"wp:featuredmedia":[{"embeddable":true,"href":"https:\/\/www.europesays.com\/fr\/wp-json\/wp\/v2\/media\/273921"}],"wp:attachment":[{"href":"https:\/\/www.europesays.com\/fr\/wp-json\/wp\/v2\/media?parent=273920"}],"wp:term":[{"taxonomy":"category","embeddable":true,"href":"https:\/\/www.europesays.com\/fr\/wp-json\/wp\/v2\/categories?post=273920"},{"taxonomy":"post_tag","embeddable":true,"href":"https:\/\/www.europesays.com\/fr\/wp-json\/wp\/v2\/tags?post=273920"}],"curies":[{"name":"wp","href":"https:\/\/api.w.org\/{rel}","templated":true}]}}