{"id":273924,"date":"2025-07-25T23:33:16","date_gmt":"2025-07-25T23:33:16","guid":{"rendered":"https:\/\/www.europesays.com\/fr\/273924\/"},"modified":"2025-07-25T23:33:16","modified_gmt":"2025-07-25T23:33:16","slug":"la-grande-bretagne-lallemagne-et-la-france-envoient-un-message-a-israel-la-catastrophe-a-gaza-doit-cesser","status":"publish","type":"post","link":"https:\/\/www.europesays.com\/fr\/273924\/","title":{"rendered":"La Grande-Bretagne, l&rsquo;Allemagne et la France envoient un message \u00e0 Isra\u00ebl\u00a0: la catastrophe \u00e0 Gaza doit cesser"},"content":{"rendered":"<ul class=\"filan_fisteku_info\">\n<li>\n                                            25 juillet 2025 21:09\n                                        <\/li>\n<li>\n                                            Partager \u00e0:<\/p>\n<\/li>\n<\/ul>\n<p class=\"gt-block MsoNormal\">Les dirigeants de la Grande-Bretagne, de l&rsquo;Allemagne et de la France ont publi\u00e9 une d\u00e9claration commune appelant \u00e0 la fin imm\u00e9diate de la guerre \u00e0 Gaza.<\/p>\n<p class=\"gt-block MsoNormal\">Dans le communiqu\u00e9, ces trois pays ont exig\u00e9 la lib\u00e9ration des otages et l&rsquo;autorisation imm\u00e9diate de l&rsquo;aide humanitaire \u00e0 la population civile de Gaza.<\/p>\n<p class=\"gt-block MsoNormal\">Nous appelons toutes les parties \u00e0 mettre fin au conflit par un cessez-le-feu imm\u00e9diat. Nous exigeons la lib\u00e9ration imm\u00e9diate et inconditionnelle de tous les otages d\u00e9tenus par le Hamas depuis le 7 octobre 2023. Un cessez-le-feu est la meilleure occasion pour les otages de rentrer chez eux, de mettre fin aux souffrances de leurs familles et de mettre fin \u00e0 la crise humanitaire \u00e0 Gaza. Le d\u00e9sarmement du Hamas est essentiel, et cette organisation ne doit jouer aucun r\u00f4le dans l&rsquo;avenir de Gaza. Nous r\u00e9affirmons notre soutien aux efforts diplomatiques des \u00c9tats-Unis, du Qatar et de l&rsquo;\u00c9gypte.<\/p>\n<p class=\"gt-block MsoNormal\">La d\u00e9claration met \u00e9galement l\u2019accent sur la situation humanitaire \u00e0 Gaza.<\/p>\n<p class=\"gt-block MsoNormal\">\u00ab La catastrophe humanitaire qui se d\u00e9roule \u00e0 Gaza doit cesser imm\u00e9diatement. Les besoins fondamentaux de la population civile, notamment l&rsquo;acc\u00e8s \u00e0 l&rsquo;eau et \u00e0 la nourriture, doivent \u00eatre satisfaits sans plus tarder. Le refus d&rsquo;assistance humanitaire aux civils est inacceptable. Nous appelons le gouvernement isra\u00e9lien \u00e0 lever imm\u00e9diatement les restrictions sur l&rsquo;aide et \u00e0 permettre d&rsquo;urgence aux Nations Unies et aux ONG humanitaires d&rsquo;agir pour pr\u00e9venir une famine massive. Isra\u00ebl doit respecter ses obligations en vertu du droit international humanitaire \u00bb, poursuit le communiqu\u00e9.<\/p>\n<p class=\"gt-block MsoNormal\">Les trois \u00c9tats ont \u00e9galement r\u00e9agi aux menaces \u00e0 la souverainet\u00e9 isra\u00e9lienne sur les territoires palestiniens.<\/p>\n<p class=\"gt-block MsoNormal\">\u00ab Nous nous opposons fermement \u00e0 toute tentative d&rsquo;imposer la souverainet\u00e9 isra\u00e9lienne sur les territoires palestiniens occup\u00e9s. Les menaces d&rsquo;annexion, la construction ill\u00e9gale de colonies et la violence des colons contre les Palestiniens compromettent les perspectives d&rsquo;une solution n\u00e9goci\u00e9e \u00e0 deux \u00c9tats. Nous nous engageons \u00e0 collaborer avec nos partenaires internationaux, notamment les Nations Unies, afin d&rsquo;\u00e9laborer un plan clair et cr\u00e9dible pour la prochaine phase \u00e0 Gaza, incluant une gouvernance transitoire et des dispositifs de s\u00e9curit\u00e9, ainsi que la fourniture d&rsquo;une aide humanitaire \u00e0 grande \u00e9chelle. Ce processus doit \u00eatre suivi du retrait des forces isra\u00e9liennes et de la destitution de la direction du Hamas, \u00e9tapes n\u00e9cessaires vers une solution \u00e0 deux \u00c9tats \u00bb, a-t-il \u00e9galement \u00e9t\u00e9 soulign\u00e9.<\/p>\n<p class=\"gt-block MsoNormal\">En conclusion de la d\u00e9claration, les trois pays europ\u00e9ens ont exprim\u00e9 leur volont\u00e9 de prendre des mesures concr\u00e8tes pour faire avancer ce processus.<\/p>\n<p class=\"gt-block MsoNormal\">\u00ab Nous sommes pr\u00eats \u00e0 prendre de nouvelles mesures pour soutenir un cessez-le-feu imm\u00e9diat et un processus politique qui m\u00e8ne \u00e0 la s\u00e9curit\u00e9 et \u00e0 une paix durable pour les Isra\u00e9liens, les Palestiniens et toute la r\u00e9gion \u00bb, conclut le communiqu\u00e9.<\/p>\n","protected":false},"excerpt":{"rendered":"25 juillet 2025 21:09 Partager \u00e0: Les dirigeants de la Grande-Bretagne, de l&rsquo;Allemagne et de la France ont&hellip;\n","protected":false},"author":2,"featured_media":273925,"comment_status":"","ping_status":"","sticky":false,"template":"","format":"standard","meta":{"footnotes":""},"categories":[1587],"tags":[11,672,1804,1805,1803,1777,674,1801,12,1802],"class_list":{"0":"post-273924","1":"post","2":"type-post","3":"status-publish","4":"format-standard","5":"has-post-thumbnail","7":"category-allemagne","8":"tag-actualites","9":"tag-allemagne","10":"tag-bundesrepublik-deutschland","11":"tag-de","12":"tag-deutschland","13":"tag-eu","14":"tag-europe","15":"tag-germany","16":"tag-news","17":"tag-republique-federale-dallemagne"},"share_on_mastodon":{"url":"https:\/\/pubeurope.com\/@fr\/114916491572809533","error":""},"_links":{"self":[{"href":"https:\/\/www.europesays.com\/fr\/wp-json\/wp\/v2\/posts\/273924","targetHints":{"allow":["GET"]}}],"collection":[{"href":"https:\/\/www.europesays.com\/fr\/wp-json\/wp\/v2\/posts"}],"about":[{"href":"https:\/\/www.europesays.com\/fr\/wp-json\/wp\/v2\/types\/post"}],"author":[{"embeddable":true,"href":"https:\/\/www.europesays.com\/fr\/wp-json\/wp\/v2\/users\/2"}],"replies":[{"embeddable":true,"href":"https:\/\/www.europesays.com\/fr\/wp-json\/wp\/v2\/comments?post=273924"}],"version-history":[{"count":0,"href":"https:\/\/www.europesays.com\/fr\/wp-json\/wp\/v2\/posts\/273924\/revisions"}],"wp:featuredmedia":[{"embeddable":true,"href":"https:\/\/www.europesays.com\/fr\/wp-json\/wp\/v2\/media\/273925"}],"wp:attachment":[{"href":"https:\/\/www.europesays.com\/fr\/wp-json\/wp\/v2\/media?parent=273924"}],"wp:term":[{"taxonomy":"category","embeddable":true,"href":"https:\/\/www.europesays.com\/fr\/wp-json\/wp\/v2\/categories?post=273924"},{"taxonomy":"post_tag","embeddable":true,"href":"https:\/\/www.europesays.com\/fr\/wp-json\/wp\/v2\/tags?post=273924"}],"curies":[{"name":"wp","href":"https:\/\/api.w.org\/{rel}","templated":true}]}}