{"id":273926,"date":"2025-07-25T23:34:20","date_gmt":"2025-07-25T23:34:20","guid":{"rendered":"https:\/\/www.europesays.com\/fr\/273926\/"},"modified":"2025-07-25T23:34:20","modified_gmt":"2025-07-25T23:34:20","slug":"les-etats-unis-vont-detruire-des-contraceptifs-feminins-stockes-en-europe-le-planning-familial-denonce-un-acte-de-coercition-reproductive","status":"publish","type":"post","link":"https:\/\/www.europesays.com\/fr\/273926\/","title":{"rendered":"Les Etats-Unis vont d\u00e9truire des contraceptifs f\u00e9minins stock\u00e9s en Europe, le Planning familial d\u00e9nonce un acte de \u201ccoercition reproductive\u201d"},"content":{"rendered":"<p class=\"authors latino-300b text-grey-600\">\n<p>  Par\u00a0<br \/>\nLe Nouvel Obs avec AFP<\/p>\n<p class=\"latino-300r text-grey-600 pe-10  border-end-lg\">\n<p>    Publi\u00e9 le\u00a025 juillet 2025 \u00e0 19h10\n  <\/p>\n<p>              Lecture\u00a0:\u00a01\u00a0min.<\/p>\n<p>      <img fetchpriority=\"high\" decoding=\"async\" class=\"mx-auto\" src=\"data:image\/svg+xml,%3Csvg%20xmlns%3D%27http%3A%2F%2Fwww.w3.org%2F2000%2Fsvg%27%20fill%3D%22%23e4e4e4%22%20viewBox%3D%270%200%20510%20340%27%20width%3D%22510%22%20height%3D%22340%22%3E%3Cpath%20d%3D%27M0%200h510v340H0z%27%2F%3E%3C%2Fsvg%3E\"  loading=\"eager\" width=\"510\" height=\"340\" data-oncrawl-image-size=\"510x340\" alt=\"Un porte-parole du d\u00e9partement d\u2019Etat am\u00e9ricain a confirm\u00e9 qu\u2019une \u00ab\u00a0d\u00e9cision pr\u00e9liminaire\u00a0\u00bb avait \u00e9t\u00e9 prise concernant la destruction de \u00ab\u00a0certains produits contraceptifs abortifs issus de contrats de l\u2019USAID\u00a0\u00bb, l\u2019agence am\u00e9ricaine pour le d\u00e9veloppement international d\u00e9mantel\u00e9e par l\u2019administration Trump.\"\/>      <\/p>\n<p class=\"latino-100m text-grey-600\">\n            Un porte-parole du d\u00e9partement d\u2019Etat am\u00e9ricain a confirm\u00e9 qu\u2019une \u00ab\u00a0d\u00e9cision pr\u00e9liminaire\u00a0\u00bb avait \u00e9t\u00e9 prise concernant la destruction de \u00ab\u00a0certains produits contraceptifs abortifs issus de contrats de l\u2019USAID\u00a0\u00bb, l\u2019agence am\u00e9ricaine pour le d\u00e9veloppement international d\u00e9mantel\u00e9e par l\u2019administration Trump.\u00a0TPH\/SIPA \/ SIPA        <\/p>\n<p>        Lire\u00a0plus\u00a0tard      <\/p>\n<p><a aria-label=\"Nous suivre sur Google News\" href=\"https:\/\/news.google.com\/publications\/CAAqBwgKMJe4nQkw3dFs?hl=fr&amp;gl=FR&amp;ceid=FR%3Afr\" target=\"_blank\" data-piano=\"Page_Article,Sous_date_publi,Nous_suivre_sur_google_news,1er_clic,action\" class=\"btn btn--small btn--tertiary btn--icon-only\" rel=\"noopener\"><\/p>\n<p>      Google Actualit\u00e9s<br \/>\n  <\/a><\/p>\n<p>  Partager<\/p>\n<p>        Facebook<\/p>\n<p>        Bluesky<\/p>\n<p>        E-mail<\/p>\n<p>        Copier le lien<\/p>\n<p>      Envoyer<\/p>\n<p>      S\u2019abonner    <\/p>\n<p class=\"node__paragraphe antonia-750r text-grey-800 pb-24 pb-md-30\">\nLe Planning familial a exhort\u00e9 ce vendredi 25\u00a0juillet l\u2019administration am\u00e9ricaine \u00e0 revenir sur sa d\u00e9cision \u00ab\u00a0insens\u00e9e\u00a0\u00bb de d\u00e9truire des contraceptifs f\u00e9minins d\u2019une valeur de plusieurs millions de dollars stock\u00e9s en Belgique et qui pourraient \u00eatre incin\u00e9r\u00e9s en France, d\u00e9non\u00e7ant un acte de \u00ab\u00a0coercition reproductive\u00a0\u00bb.<\/p>\n<p class=\"latino-500b text-grey-600 pb-16\">A lire aussi<\/p>\n<p><a href=\"https:\/\/www.nouvelobs.com\/societe\/20240707.OBS90751\/vingt-ans-de-bataille-pour-l-acces-a-la-contraception-il-y-a-50-ans-dans-le-nouvel-obs.html\" data-article-key=\"20240707.OBS90751\" class=\"link--box flex-grow-1\" data-piano=\"Page_Article,Lire_aussi,,Lien1,navigation\" target=\"_blank\" rel=\"noopener\"><\/p>\n<p>                <img decoding=\"async\" src=\"data:image\/svg+xml,%3Csvg%20xmlns%3D%27http%3A%2F%2Fwww.w3.org%2F2000%2Fsvg%27%20fill%3D%22%23e4e4e4%22%20viewBox%3D%270%200%20120%2080%27%20width%3D%22120%22%20height%3D%2280%22%3E%3Cpath%20d%3D%27M0%200h120v80H0z%27%2F%3E%3C%2Fsvg%3E\"  width=\"120\" height=\"80\" loading=\"lazy\" alt=\"Pilules contraceptives en 1973\"\/><\/p>\n<p class=\"latino-300r latino-lg-600m text-grey-800\">\n                    Vingt ans de bataille pour l\u2019acc\u00e8s \u00e0 la contraception, il y a 50\u00a0ans dans \u00ab\u00a0le Nouvel Obs\u00a0\u00bb        <\/p>\n<p><\/a><\/p>\n<p class=\"node__paragraphe antonia-750r text-grey-800 pb-24 pb-md-30\">\nUn porte-parole du d\u00e9partement d\u2019Etat am\u00e9ricain a confirm\u00e9 jeudi \u00e0 l\u2019AFP qu\u2019une \u00ab\u00a0d\u00e9cision pr\u00e9liminaire\u00a0\u00bb avait \u00e9t\u00e9 prise concernant la destruction de \u00ab\u00a0certains produits contraceptifs abortifs issus de contrats de l\u2019USAID\u00a0\u00bb, l\u2019agence am\u00e9ricaine pour le d\u00e9veloppement international d\u00e9mantel\u00e9e par l\u2019administration Trump.<\/p>\n<p class=\"node__paragraphe antonia-750r text-grey-800 pb-24 pb-md-30\">\nSelon des informations de presse, les moyens de contraception vis\u00e9s (implants, st\u00e9rilets), d\u2019une valeur de 9,7\u00a0millions de dollars, sont entrepos\u00e9s en Belgique et doivent \u00eatre incin\u00e9r\u00e9s en France.<\/p>\n<p>\u00ab\u00a0Le gaspillage et l\u2019id\u00e9ologie extr\u00e9miste plut\u00f4t que les soins\u00a0\u00bb<\/p>\n<p class=\"node__paragraphe antonia-750r text-grey-800 pb-24 pb-md-30\">\n\u00ab\u00a0Aujourd\u2019hui, des palettes de contraceptifs restent inutilis\u00e9es dans des entrep\u00f4ts, notamment \u00e0 Geel, en Belgique, en attendant d\u2019\u00eatre d\u00e9truites. En France, elles seraient d\u00e9j\u00e0 programm\u00e9es pour \u00eatre incin\u00e9r\u00e9es, dans les prochains jours\u00a0\u00bb, s\u2019alarme le Planning familial dans une d\u00e9claration commune avec la F\u00e9d\u00e9ration la\u00efque de centres de planning familial (FLCPF), Belgique F\u00e9d\u00e9ration internationale pour la planification familiale (IPPF), France planned parenthood federation of America (PPFA) Sensoa et Belgique Countdown 2030 Europe.<\/p>\n<p class=\"latino-500b text-grey-600 pb-16\">A lire aussi<\/p>\n<p><a href=\"https:\/\/www.nouvelobs.com\/idees\/20250112.OBS98894\/cecile-thome-sociologue-la-pilule-a-surtout-libere-les-hommes.html\" data-article-key=\"20250112.OBS98894\" class=\"link--box flex-grow-1\" data-piano=\"Page_Article,Lire_aussi,,Lien2,navigation\" target=\"_blank\" rel=\"noopener\"><\/p>\n<p>                <img decoding=\"async\" src=\"data:image\/svg+xml,%3Csvg%20xmlns%3D%27http%3A%2F%2Fwww.w3.org%2F2000%2Fsvg%27%20fill%3D%22%23e4e4e4%22%20viewBox%3D%270%200%20120%2080%27%20width%3D%22120%22%20height%3D%2280%22%3E%3Cpath%20d%3D%27M0%200h120v80H0z%27%2F%3E%3C%2Fsvg%3E\"  width=\"120\" height=\"80\" loading=\"lazy\" alt=\"Rue de Vaugirard, en mai\u00a01968. Contrairement &#10;aux id\u00e9es re\u00e7ues, le mouvement social ne visait pas la libert\u00e9 sexuelle des femmes.\"\/><\/p>\n<p class=\"latino-300r latino-lg-600m text-grey-800\">\n                      <strong class=\"latino-300b latino-lg-600m text-grey-500\">Entretien\u00a0<\/strong><br \/>\n                    C\u00e9cile Thom\u00e9, sociologue\u00a0: \u00ab\u00a0La pilule a surtout lib\u00e9r\u00e9 les hommes\u00a0\u00bb        <\/p>\n<p><\/a><\/p>\n<p class=\"node__paragraphe antonia-750r text-grey-800 pb-24 pb-md-30\">\n\u00ab\u00a0Il s\u2019agit d\u2019un acte intentionnel de coercition reproductive\u00a0\u00bb, d\u00e9noncent les signataires, d\u00e9plorant le fait que le gouvernement am\u00e9ricain ait \u00ab\u00a0rejet\u00e9 toutes les offres (\u2026) de rachat ou de redistribution de ces contraceptifs\u00a0\u00bb et ait choisi \u00ab\u00a0le gaspillage et l\u2019id\u00e9ologie extr\u00e9miste plut\u00f4t que les soins, les droits humains, la s\u00e9curit\u00e9 et la sant\u00e9\u00a0\u00bb.<\/p>\n<p class=\"node__paragraphe antonia-750r text-grey-800 pb-24 pb-md-30\">\n\u00ab\u00a0Nous exhortons l\u2019administration am\u00e9ricaine \u00e0 mettre imm\u00e9diatement fin \u00e0 cette destruction insens\u00e9e\u00a0\u00bb et \u00ab\u00a0interpellons l\u2019entreprise fran\u00e7aise qui serait charg\u00e9e de d\u00e9truire ces contraceptifs\u00a0\u00bb, ajoutent-ils, l\u2019appelant \u00e0 refuser cet \u00ab\u00a0accord commercial\u00a0\u00bb, les \u00ab\u00a0droits sexuels et reproductifs\u00a0\u00bb n\u2019\u00e9tant pas \u00ab\u00a0une marchandise comme les autres\u00a0\u00bb.<\/p>\n<p class=\"node__paragraphe antonia-750r text-grey-800 pb-24 pb-md-30\">\nDepuis le d\u00e9but de la seconde pr\u00e9sidence Trump en janvier, <a href=\"https:\/\/www.nouvelobs.com\/monde\/20240613.OBS89733\/la-cour-supreme-americaine-annule-les-restrictions-d-acces-a-la-pilule-abortive.html\" target=\"_blank\" rel=\"noopener\">l\u2019administration am\u00e9ricaine a supprim\u00e9 toute une s\u00e9rie de programmes en faveur de la contraception<\/a> ou de l\u2019avortement et a coup\u00e9 toute aide de sa part, directe ou indirecte, \u00e0 des organisations non gouvernementales \u00e9trang\u00e8res pratiquant ou promouvant activement l\u2019avortement.<\/p>\n<p class=\"authors latino-600m text-grey-800\">\n<p>  Par\u00a0<br \/>\nLe Nouvel Obs avec AFP<\/p>\n","protected":false},"excerpt":{"rendered":"Par\u00a0 Le Nouvel Obs avec AFP Publi\u00e9 le\u00a025 juillet 2025 \u00e0 19h10 Lecture\u00a0:\u00a01\u00a0min. Un porte-parole du d\u00e9partement d\u2019Etat&hellip;\n","protected":false},"author":2,"featured_media":273927,"comment_status":"","ping_status":"","sticky":false,"template":"","format":"standard","meta":{"footnotes":""},"categories":[1586],"tags":[17,11,41348,41347,6121,14068,1777,674,41349,1011,27,74,12,25,104,41350,14069],"class_list":{"0":"post-273926","1":"post","2":"type-post","3":"status-publish","4":"format-standard","5":"has-post-thumbnail","7":"category-europe","8":"tag-17","9":"tag-actualites","10":"tag-contraceptifs","11":"tag-detruire","12":"tag-droits-des-femmes","13":"tag-etats","14":"tag-eu","15":"tag-europe","16":"tag-feminins","17":"tag-fr","18":"tag-france","19":"tag-monde","20":"tag-news","21":"tag-republique-francaise","22":"tag-societe","23":"tag-stockes","24":"tag-unis"},"share_on_mastodon":{"url":"https:\/\/pubeurope.com\/@fr\/114916495464728918","error":""},"_links":{"self":[{"href":"https:\/\/www.europesays.com\/fr\/wp-json\/wp\/v2\/posts\/273926","targetHints":{"allow":["GET"]}}],"collection":[{"href":"https:\/\/www.europesays.com\/fr\/wp-json\/wp\/v2\/posts"}],"about":[{"href":"https:\/\/www.europesays.com\/fr\/wp-json\/wp\/v2\/types\/post"}],"author":[{"embeddable":true,"href":"https:\/\/www.europesays.com\/fr\/wp-json\/wp\/v2\/users\/2"}],"replies":[{"embeddable":true,"href":"https:\/\/www.europesays.com\/fr\/wp-json\/wp\/v2\/comments?post=273926"}],"version-history":[{"count":0,"href":"https:\/\/www.europesays.com\/fr\/wp-json\/wp\/v2\/posts\/273926\/revisions"}],"wp:featuredmedia":[{"embeddable":true,"href":"https:\/\/www.europesays.com\/fr\/wp-json\/wp\/v2\/media\/273927"}],"wp:attachment":[{"href":"https:\/\/www.europesays.com\/fr\/wp-json\/wp\/v2\/media?parent=273926"}],"wp:term":[{"taxonomy":"category","embeddable":true,"href":"https:\/\/www.europesays.com\/fr\/wp-json\/wp\/v2\/categories?post=273926"},{"taxonomy":"post_tag","embeddable":true,"href":"https:\/\/www.europesays.com\/fr\/wp-json\/wp\/v2\/tags?post=273926"}],"curies":[{"name":"wp","href":"https:\/\/api.w.org\/{rel}","templated":true}]}}