{"id":273941,"date":"2025-07-25T23:42:12","date_gmt":"2025-07-25T23:42:12","guid":{"rendered":"https:\/\/www.europesays.com\/fr\/273941\/"},"modified":"2025-07-25T23:42:12","modified_gmt":"2025-07-25T23:42:12","slug":"malgre-les-crampes-moutet-vient-a-bout-dun-medvedev-diminue-en-quarts-de-finale-a-washington-lequipe","status":"publish","type":"post","link":"https:\/\/www.europesays.com\/fr\/273941\/","title":{"rendered":"Malgr\u00e9 les crampes, Moutet vient \u00e0 bout d&#039;un Medvedev diminu\u00e9 en quarts de finale \u00e0 Washington &#8211; L&#039;\u00c9quipe"},"content":{"rendered":"<ol>\n<li><a href=\"https:\/\/news.google.com\/rss\/articles\/CBMi2gFBVV95cUxNTUk1dGljMDNTTWwwWUNnRUFZcC1oUy1aM2RsdnZGUnlHVGRJOGxqemdkMFl6ak9IU1pvYTFybVJiZklubTJtYVZlS1JGT2V1WjRXdnM4aXE3U1dKOEhFYVlJQmxsU0JpdmlGY1J0bjFEck1DQTVTNGZEVUIzWlBaeV9QYmVyaW42SnpXOVd1VVotdUFGYzBmTU9wU3R1NXVuVVdPT1AtRC12OVlUc1ZmU24yaXZ6S0ZsYzRtbVZaZVVESVFDc1Z5Z0JfSHVnby1DNlZNd3NIYkY4QQ?oc=5\" target=\"_blank\" rel=\"nofollow noopener\">Malgr\u00e9 les crampes, Moutet vient \u00e0 bout d&rsquo;un Medvedev diminu\u00e9 en quarts de finale \u00e0 Washington<\/a>&nbsp;&nbsp;L&rsquo;\u00c9quipe<\/li>\n<li><a href=\"https:\/\/news.google.com\/rss\/articles\/CBMi-gFBVV95cUxPbVNaWDRudmtBQTd3MS1lMXZrRGVwR0pwSG1aTzUyWjBQWDJqVlVfNG45NzJTel8tNHVjTDJPVmE1Q0hMclNXSG5OWXZoSHhlMnhZTHg0WnhkN0JhTFZacndMbDJSSFU0c0c5T3dwMTRqeEY1SDlqTzhGeDBkN1lHc25wWEtqNVZtTjFmbVZJdTk1SDJCbWpNWjhoZ2kyTnFLWVM0c05BeXFRZmR0dDd2Y0h4X2taSEtGMFp6MzhzcHhJbWpuY2ktNkx1OWI2b3lsTHF0eWUyWmlYeTZuMUlXQ0ZRUm5Md1p3MEZRdUg1c0taa1B5dWd2QjV3?oc=5\" target=\"_blank\" rel=\"nofollow noopener\">ATP Washington &#8211; Le rep\u00each\u00e9 Moutet poursuit sa belle aventure et va se confronter \u00e0 Medvedev<\/a>&nbsp;&nbsp;Eurosport<\/li>\n<li><a href=\"https:\/\/news.google.com\/rss\/articles\/CBMi1gFBVV95cUxOcnMtTE1TNGJfWFBDQmJIRFdkRFRCTWxtSXVYVjN0UWxaWVYzN0N2RXJLY2VRc0NrX2Z6YTJ0c3BJTmY2QUxfbDNnejdFalUxWV91bWphVVRaNXBjSkc1Q18yMGFWYkc5OE1yS01fYVpkdzJZSjB1QjRWei1tZEFTWVNPYjhEY2JuaHhLRjM4dFFNS21aSFFYSVBHY2pTYjJKV0JNWWhCd1FHTXRDWnBIYk1MUk9GakVDdTd0SmMtN2hCcm5HVGUwWEF2Y01xRmREMk1DbFFR?oc=5\" target=\"_blank\" rel=\"nofollow noopener\">L&rsquo;incroyable balle de match de Corentin Moutet face \u00e0 Daniil Medvedev en vid\u00e9o<\/a>&nbsp;&nbsp;MSN<\/li>\n<li><a href=\"https:\/\/news.google.com\/rss\/articles\/CBMiqwFBVV95cUxNZHhZT3FYR2RHb1hUNWlFb1drOUl6eUxtbFp6YzJ6LVZ5SmlRbHJlR2ppVGxkTGpVQUpHU3RzYnh2MkNGVzRxR2ZZcWNXeVlQN3JabmREcXFHaXo5ekFPdnpRTTRWYmI3VzE4czRKTXpnelpQejhkalVFVTk0TG03ZGc5OUx5cllzWFlDREdWUkpsekJHbGY2alQ0NE8wTERsb3pvRzdRVUhTZUnSAaoBQVVfeXFMUGsxTWxVNjk3RmRIQWtiRVZrNUUwclE5N0xPOUhRaDJrbXkyYWpLQXNGd3VjZ3FTZWpNcEdtQTZkV1pyOTEzanl6cmllSU56WGN1dHd5TndybU1wb2NUY2w3NVkxdDBkamFwVXpsX0w4MWFyaDctM21JRXlEam1tY0ZBVDRWcDJBNDc5WmM2WXlFTGg4X3RVX3BlYUczTDJPZGNpVl94ZXhVQnc?oc=5\" target=\"_blank\" rel=\"nofollow noopener\">ATP &#8211; Washington : Moutet, lucky loser en quarts<\/a>&nbsp;&nbsp;Orange Actualit\u00e9s | Sports<\/li>\n<li><a href=\"https:\/\/news.google.com\/rss\/articles\/CBMihgFBVV95cUxPSHNMSUI5dkY4M2ZvRjlZX0pGem5Ld1hjb3lhQUR2OUFkQUkxSDRUNkdEOXpkSkxMcXZXWmlOUDJkOWtHY1prQkdpQllDaWZGRkNkM2dHcTJBaUFaLTB2cjJ3MlVMMTFEMVcxSF9jMVVCdERPZVB3WDAxUFQwa3FRRWF6RzZKZw?oc=5\" target=\"_blank\" rel=\"nofollow noopener\">Tennis | Le show inadmissible de Corentin Moutet \u00e0 Washington<\/a>&nbsp;&nbsp;FFL<\/li>\n<\/ol>\n","protected":false},"excerpt":{"rendered":"Malgr\u00e9 les crampes, Moutet vient \u00e0 bout d&rsquo;un Medvedev diminu\u00e9 en quarts de finale \u00e0 Washington&nbsp;&nbsp;L&rsquo;\u00c9quipe ATP Washington&hellip;\n","protected":false},"author":2,"featured_media":273942,"comment_status":"","ping_status":"","sticky":false,"template":"","format":"standard","meta":{"footnotes":""},"categories":[1415],"tags":[1011,27,60,1467],"class_list":{"0":"post-273941","1":"post","2":"type-post","3":"status-publish","4":"format-standard","5":"has-post-thumbnail","7":"category-tennis","8":"tag-fr","9":"tag-france","10":"tag-sports","11":"tag-tennis"},"share_on_mastodon":{"url":"https:\/\/pubeurope.com\/@fr\/114916526937487776","error":""},"_links":{"self":[{"href":"https:\/\/www.europesays.com\/fr\/wp-json\/wp\/v2\/posts\/273941","targetHints":{"allow":["GET"]}}],"collection":[{"href":"https:\/\/www.europesays.com\/fr\/wp-json\/wp\/v2\/posts"}],"about":[{"href":"https:\/\/www.europesays.com\/fr\/wp-json\/wp\/v2\/types\/post"}],"author":[{"embeddable":true,"href":"https:\/\/www.europesays.com\/fr\/wp-json\/wp\/v2\/users\/2"}],"replies":[{"embeddable":true,"href":"https:\/\/www.europesays.com\/fr\/wp-json\/wp\/v2\/comments?post=273941"}],"version-history":[{"count":0,"href":"https:\/\/www.europesays.com\/fr\/wp-json\/wp\/v2\/posts\/273941\/revisions"}],"wp:featuredmedia":[{"embeddable":true,"href":"https:\/\/www.europesays.com\/fr\/wp-json\/wp\/v2\/media\/273942"}],"wp:attachment":[{"href":"https:\/\/www.europesays.com\/fr\/wp-json\/wp\/v2\/media?parent=273941"}],"wp:term":[{"taxonomy":"category","embeddable":true,"href":"https:\/\/www.europesays.com\/fr\/wp-json\/wp\/v2\/categories?post=273941"},{"taxonomy":"post_tag","embeddable":true,"href":"https:\/\/www.europesays.com\/fr\/wp-json\/wp\/v2\/tags?post=273941"}],"curies":[{"name":"wp","href":"https:\/\/api.w.org\/{rel}","templated":true}]}}