{"id":273949,"date":"2025-07-25T23:46:16","date_gmt":"2025-07-25T23:46:16","guid":{"rendered":"https:\/\/www.europesays.com\/fr\/273949\/"},"modified":"2025-07-25T23:46:16","modified_gmt":"2025-07-25T23:46:16","slug":"tdf-tour-de-france-kevin-vauquelin-jai-limite-la-casse-cetait-un-peu-le-bordel","status":"publish","type":"post","link":"https:\/\/www.europesays.com\/fr\/273949\/","title":{"rendered":"TDF. Tour de France &#8211; K\u00e9vin Vauquelin : \u00abJ&rsquo;ai limit\u00e9 la casse, c&rsquo;\u00e9tait un peu le bordel\u00bb"},"content":{"rendered":"<p>Quel courage encore de <strong>K\u00e9vin Vauquelin<\/strong> (ARKEA-B&amp;B HOTELS) ! S&rsquo;il n&rsquo;a pas jou\u00e9 les premiers r\u00f4les sur cette 19e \u00e9tape du <strong><a href=\"https:\/\/www.cyclismactu.net\/..\/news-tdf-tour-de-france-thymen-arensman-19e-etape-a-plagne-vauquelin-s-est-arrache-89222.html?utm_campaign=post-auto&amp;utm_medium=twitter&amp;utm_source=mashup-cyclismactu\" rel=\"nofollow noopener\" target=\"_blank\">Tour de France<\/a><\/strong>, terminant loin du vainqueur du jour,\u00a0<strong><a href=\"https:\/\/www.cyclismactu.net\/..\/news-tdf-tour-de-france-thymen-arensman-je-suis-completement-detruit-j-ai-tout-donne-89224.html?utm_campaign=post-auto&amp;utm_medium=twitter&amp;utm_source=mashup-cyclismactu\" rel=\"nofollow noopener\" target=\"_blank\">Thymen Arensman<\/a><\/strong> (INEOS Grenadiers), le Normand a une nouvelle fois pass\u00e9 la journ\u00e9e \u00e0 se battre avec lui-m\u00eame pour sauver sa 7e place au classement g\u00e9n\u00e9ral. Le Norv\u00e9gien <strong>Tobias Johannessen<\/strong> (Uno-X Mobility) lui est certes pass\u00e9 devant, mais le Fran\u00e7ais a lui-m\u00eame doubl\u00e9 le Slov\u00e8ne <strong>Primoz Roglic<\/strong> (Red Bull-BORA-hansgrohe) au classement, en grande difficult\u00e9 dans la mont\u00e9e finale \u00e0 La Plagne. Il conserve ainsi sa 7e place, position qu&rsquo;il devrait conserver jusqu&rsquo;\u00e0 l&rsquo;arriv\u00e9e \u00e0 Paris, alors que les deux derni\u00e8res \u00e9tapes ne contiennent pas de difficult\u00e9s majeures.<\/p>\n<p>\u00a0<\/p>\n<p>\u00ab\u00a0Je sens vraiment qu&rsquo;on est en troisi\u00e8me semaine\u00a0\u00bb<\/p>\n<p>Apr\u00e8s l&rsquo;arriv\u00e9e, <strong>K\u00e9vin Vauquelin<\/strong> est revenu sur sa performance : \u00ab\u00a0J&rsquo;ai encore limit\u00e9 la casse aujourd&rsquo;hui, malheureusement on a pris une mauvaise cassure dans la descente du col du Pr\u00e9, Uno-X en a profit\u00e9 pour rouler, mais franchement on aurait fait pareil \u00e0 leur place. C&rsquo;\u00e9tait un beau combat avec Tobias. J&rsquo;\u00e9tais vraiment pas bien au d\u00e9but, mais Ewen (Costiou) et Raul (Garcia) ont \u00e9t\u00e9 encore une fois extraordinaire. Ils ont fait toute la descente, ils ont roul\u00e9 ensuite&#8230; et apr\u00e8s je me suis battu. D\u00e8s le pied de la Plagne je me suis battu, les jambes sont revenus, et la pluie m&rsquo;a bien aid\u00e9 \u00e0 me sentir l\u00e9g\u00e8rement mieux. Je sens vraiment qu&rsquo;on est en troisi\u00e8me semaine, et tous les efforts consentis des derniers jours\u00a0\u00bb.<\/p>\n<p>Il poursuit sur son d\u00e9but d&rsquo;\u00e9tape difficile et sur cette lutte pour le g\u00e9n\u00e9ral qui s&rsquo;ach\u00e8ve : \u00ab\u00a0D\u00e8s le premier col, j&rsquo;ai vite vu que c&rsquo;\u00e9tait un peu le bordel. J&rsquo;ai dit \u00e0 Ewen de rouler un petit peu quand j&rsquo;ai vu Johannessen sortir, logique je voulais pas perdre ma place au g\u00e9n\u00e9ral. J&rsquo;ai senti que j&rsquo;\u00e9tais pas bien, mais comme d&rsquo;habitude il me fallait ma mise en route, c&rsquo;est pour \u00e7a que sur une \u00e9tape aussi courte c&rsquo;\u00e9tait un peu dur. C&rsquo;\u00e9tait un combat contre moi-m\u00eame. La 7e place ? C&rsquo;est top. Je suis press\u00e9 d&rsquo;\u00eatre \u00e0 la semaine prochaine et de pouvoir r\u00e9aliser ce qu&rsquo;il s&rsquo;est pass\u00e9. C&rsquo;est beaucoup de travail, je suis fier de l&rsquo;\u00e9quipe, de mes \u00e9quipiers et de la mani\u00e8re dont on a g\u00e9r\u00e9 tout \u00e7a. C&rsquo;\u00e9tait pas du tout pr\u00e9vu mais on s&rsquo;est battu comme des lions, je suis vraiment content\u00a0\u00bb, conclut-il.<\/p>\n<p>Tour de France &#8211; Classement de la 19\u00e8 \u00e9tape Tour de France &#8211; Classement g\u00e9n\u00e9ral provisoire apr\u00e8s la 19\u00e8 \u00e9tapeDANS LA M\u00caME CAT\u00c9GORIEA LA UNE<\/p>\n","protected":false},"excerpt":{"rendered":"Quel courage encore de K\u00e9vin Vauquelin (ARKEA-B&amp;B HOTELS) ! S&rsquo;il n&rsquo;a pas jou\u00e9 les premiers r\u00f4les sur cette&hellip;\n","protected":false},"author":2,"featured_media":273950,"comment_status":"","ping_status":"","sticky":false,"template":"","format":"standard","meta":{"footnotes":""},"categories":[1411],"tags":[1154,207,211,1011,27,209,60,210,212,208,213],"class_list":{"0":"post-273949","1":"post","2":"type-post","3":"status-publish","4":"format-standard","5":"has-post-thumbnail","7":"category-cyclisme","8":"tag-cycling","9":"tag-cyclisme","10":"tag-ffc","11":"tag-fr","12":"tag-france","13":"tag-route","14":"tag-sports","15":"tag-tour-de-france","16":"tag-uci","17":"tag-velo","18":"tag-world-tour"},"share_on_mastodon":{"url":"https:\/\/pubeurope.com\/@fr\/114916542577465058","error":""},"_links":{"self":[{"href":"https:\/\/www.europesays.com\/fr\/wp-json\/wp\/v2\/posts\/273949","targetHints":{"allow":["GET"]}}],"collection":[{"href":"https:\/\/www.europesays.com\/fr\/wp-json\/wp\/v2\/posts"}],"about":[{"href":"https:\/\/www.europesays.com\/fr\/wp-json\/wp\/v2\/types\/post"}],"author":[{"embeddable":true,"href":"https:\/\/www.europesays.com\/fr\/wp-json\/wp\/v2\/users\/2"}],"replies":[{"embeddable":true,"href":"https:\/\/www.europesays.com\/fr\/wp-json\/wp\/v2\/comments?post=273949"}],"version-history":[{"count":0,"href":"https:\/\/www.europesays.com\/fr\/wp-json\/wp\/v2\/posts\/273949\/revisions"}],"wp:featuredmedia":[{"embeddable":true,"href":"https:\/\/www.europesays.com\/fr\/wp-json\/wp\/v2\/media\/273950"}],"wp:attachment":[{"href":"https:\/\/www.europesays.com\/fr\/wp-json\/wp\/v2\/media?parent=273949"}],"wp:term":[{"taxonomy":"category","embeddable":true,"href":"https:\/\/www.europesays.com\/fr\/wp-json\/wp\/v2\/categories?post=273949"},{"taxonomy":"post_tag","embeddable":true,"href":"https:\/\/www.europesays.com\/fr\/wp-json\/wp\/v2\/tags?post=273949"}],"curies":[{"name":"wp","href":"https:\/\/api.w.org\/{rel}","templated":true}]}}