{"id":273953,"date":"2025-07-25T23:48:12","date_gmt":"2025-07-25T23:48:12","guid":{"rendered":"https:\/\/www.europesays.com\/fr\/273953\/"},"modified":"2025-07-25T23:48:12","modified_gmt":"2025-07-25T23:48:12","slug":"charlotte-et-gabriella-les-deux-petites-princesses-de-10-ans-succombent-a-la-meme-tendance-capillaire-pour-lete-2025","status":"publish","type":"post","link":"https:\/\/www.europesays.com\/fr\/273953\/","title":{"rendered":"Charlotte et Gabriella : les deux petites princesses de 10 ans succombent \u00e0 la m\u00eame tendance capillaire pour l\u2019\u00e9t\u00e9 2025"},"content":{"rendered":"<p>Qui a dit que la mode \u00e9tait destin\u00e9e aux grands ? <a href=\"https:\/\/www.closermag.fr\/royautes\/kate-middleton-ses-remarques-lourdes-de-sens-apres-lovation-de-wimbledon-capturees-par-un-lecteur-labial-3566965\" target=\"_blank\" rel=\"noopener\"><br \/>\nKate Middleton<\/a>, <strong>Meghan Markle<\/strong>, <strong>Letizia<br \/>\nd\u2019Espagne<\/strong> ou encore <strong>Charl\u00e8ne de Monaco<\/strong><br \/>\nsont des ic\u00f4nes de la mode royale. Elles sont toujours sublimes<br \/>\nlors de leurs sorties, si bien qu\u2019il n\u2019est plus surprenant de voir<br \/>\nles fans royaux s\u2019arracher leurs tenues ou adopter leurs<br \/>\ncoiffures.<\/p>\n<p>Pourtant, les jeunes princesses m\u00e9ritent \u00e9galement de<br \/>\nl\u2019attention en termes de mode. Dans le cas de <strong>Charlotte et<br \/>\nGabriella<\/strong>, les deux jeunes princesses ont toutes deux<br \/>\nadopt\u00e9 cette <strong>tendance capillaire pour l\u2019\u00e9t\u00e9 2025<\/strong><br \/>\nqui est la tresse ! Avec ce look parfait pour l\u2019\u00e9t\u00e9, les enfants<br \/>\nroyaux ont fait un sans-faute !<\/p>\n<p><img loading=\"lazy\" decoding=\"async\" aria-describedby=\"caption-attachment-3567008\" itemprop=\"thumbnailUrl\" class=\"size-full wp-image-3567008 img-responsive\" src=\"https:\/\/www.europesays.com\/fr\/wp-content\/uploads\/2025\/07\/bestimage_00715416_000180-1.jpg\" alt=\"\" width=\"1200\" height=\"750\"\/> \u00a9 Bestimage<\/p>\n<p id=\"caption-attachment-3567008\" class=\"wp-caption-text\">Princess<br \/>\nCharlotte (La princesse Charlotte de Galles) and Catherine, The<br \/>\nPrincess of Wales pictured on day fourteen of the 2025 Wimbledon<br \/>\nChampionships at the All England Lawn Tennis and Croquet Club,<br \/>\nLondon.<\/p>\n<p>Princesse Gabriella : une couronne de fleurs assortie<\/p>\n<p>La <strong>princesse Gabriella<\/strong>, fille du prince<br \/>\n<a href=\"https:\/\/www.closermag.fr\/royautes\/albert-de-monaco-le-prince-retient-ses-larmes-en-evoquant-ses-enfants-et-sa-femme-video-3565473\" target=\"_blank\" rel=\"noopener\"><br \/>\nAlbert de Monaco<\/a> et de <a href=\"https:\/\/www.closermag.fr\/royautes\/charlene-de-monaco-cette-rare-demonstration-damour-a-son-mari-en-public-3564083\" target=\"_blank\" rel=\"noopener\"><br \/>\nCharl\u00e8ne de Monaco<\/a>, a attir\u00e9 tous les regards avec sa tresse.<br \/>\nLe 19 juillet dernier, \u00e0 l\u2019occasion du 20e anniversaire de<br \/>\nl\u2019accession au tr\u00f4ne de son p\u00e8re, la princesse royale \u00e2g\u00e9e de 10<br \/>\nans \u00e9tait apparue avec ses <strong>cheveux mi-longs<br \/>\ntress\u00e9s<\/strong> en un bandeau.<\/p>\n<blockquote class=\"instagram-media\" style=\"background: #ffffff;border: 0;margin: 1px;width: 100%;padding: 0;max-width: 500px;\" data-instgrm-permalink=\"https:\/\/www.instagram.com\/p\/DMUhvs1osox\/?utm_source=ig_web_copy_link&amp;igsh=MzRlODBiNWFlZA==\" data-instgrm-version=\"14\"\/>\n<p>De belles tresses que la <a href=\"https:\/\/www.closermag.fr\/royautes\/gabriella-de-monaco-prend-la-parole-en-public-pour-la-premiere-fois-lassistance-sous-le-charme-3563109\" target=\"_blank\" rel=\"noopener\"><br \/>\nprincesse Gabriella<\/a> avait accompagn\u00e9 d\u2019<strong>une couronne de<br \/>\nfleurs<\/strong>. Des fleurs blanches fra\u00eeches dont la couleur \u00e9tait<br \/>\nassortie avec sa belle robe blanche. Il s\u2019agissait d\u2019une connexion<br \/>\navec l\u2019une des couleurs du drapeau mon\u00e9gasque.<\/p>\n<p>Princesse Charlotte : une adepte des<br \/>\ntresses !<\/p>\n<p>La <a href=\"https:\/\/www.closermag.fr\/royautes\/princesse-charlotte-total-look-frenchie-dans-une-marque-rarement-portee-sur-la-derniere-video-partagee-par-kate-3566431\" target=\"_blank\" rel=\"noopener\"><br \/>\nprincesse Charlotte<\/a>, \u00e9galement \u00e2g\u00e9e de 10 ans, quant \u00e0 elle,<br \/>\nest habitu\u00e9e \u00e0 des cheveux tress\u00e9s. Notons que la fille de<br \/>\n<strong>Kate Middleton<\/strong> et du <a href=\"https:\/\/www.closermag.fr\/bio-people\/biographie-prince-william-112724#:~:text=N%C3%A9%20le%2021%20juin%201982,est%20p%C3%A8re%20de%20trois%20enfants.\" target=\"_blank\" rel=\"noopener\"><br \/>\nprince William<\/a> a m\u00eame deux versions embl\u00e9matiques de ce style.<br \/>\nLa premi\u00e8re version \u00e9tant des tresses en arri\u00e8re de chaque c\u00f4t\u00e9 de<br \/>\nsa t\u00eate pour ensuite \u00eatre attach\u00e9e avec un ruban. L\u2019autre version<br \/>\n\u00e9tant une autre tresse plus grande compos\u00e9e des deux tresses sur le<br \/>\nc\u00f4t\u00e9.<\/p>\n<blockquote class=\"twitter-tweet\"><p><a class=\"twitter-link\" rel=\"noindex, nofollow noopener\" href=\"https:\/\/twitter.com\/peoplestyle\/status\/1947386228770316412\" target=\"_blank\"><\/p><\/blockquote>\n<p>C\u2019est ce dernier style que la fille de <strong>Kate et<br \/>\nWilliam<\/strong> avait adopt\u00e9 lors de ses trois apparitions<br \/>\npubliques de cette ann\u00e9e. En mai dernier, la s\u0153ur de George et<br \/>\nLouis \u00e9tait pr\u00e9sente au 80e anniversaire du jour de la Victoire en<br \/>\nEurope. Elle \u00e9tait \u00e9galement pr\u00e9sente au Trooping the Colour, en<br \/>\njuin dernier ainsi qu\u2019aux championnats de Wimbledon, le 13 juillet<br \/>\ndernier.<\/p>\n<p><script async src=\"https:\/\/platform.twitter.com\/widgets.js\" charset=\"utf-8\"><\/script><script async src=\"\/\/www.instagram.com\/embed.js\"><\/script><\/p>\n","protected":false},"excerpt":{"rendered":"Qui a dit que la mode \u00e9tait destin\u00e9e aux grands ? Kate Middleton, Meghan Markle, Letizia d\u2019Espagne ou&hellip;\n","protected":false},"author":2,"featured_media":273954,"comment_status":"","ping_status":"","sticky":false,"template":"","format":"standard","meta":{"footnotes":""},"categories":[1359],"tags":[548,58,59,1011,27,973,6985],"class_list":{"0":"post-273953","1":"post","2":"type-post","3":"status-publish","4":"format-standard","5":"has-post-thumbnail","7":"category-people","8":"tag-article-simple","9":"tag-divertissement","10":"tag-entertainment","11":"tag-fr","12":"tag-france","13":"tag-people","14":"tag-princesse-charlotte"},"share_on_mastodon":{"url":"https:\/\/pubeurope.com\/@fr\/114916550475382232","error":""},"_links":{"self":[{"href":"https:\/\/www.europesays.com\/fr\/wp-json\/wp\/v2\/posts\/273953","targetHints":{"allow":["GET"]}}],"collection":[{"href":"https:\/\/www.europesays.com\/fr\/wp-json\/wp\/v2\/posts"}],"about":[{"href":"https:\/\/www.europesays.com\/fr\/wp-json\/wp\/v2\/types\/post"}],"author":[{"embeddable":true,"href":"https:\/\/www.europesays.com\/fr\/wp-json\/wp\/v2\/users\/2"}],"replies":[{"embeddable":true,"href":"https:\/\/www.europesays.com\/fr\/wp-json\/wp\/v2\/comments?post=273953"}],"version-history":[{"count":0,"href":"https:\/\/www.europesays.com\/fr\/wp-json\/wp\/v2\/posts\/273953\/revisions"}],"wp:featuredmedia":[{"embeddable":true,"href":"https:\/\/www.europesays.com\/fr\/wp-json\/wp\/v2\/media\/273954"}],"wp:attachment":[{"href":"https:\/\/www.europesays.com\/fr\/wp-json\/wp\/v2\/media?parent=273953"}],"wp:term":[{"taxonomy":"category","embeddable":true,"href":"https:\/\/www.europesays.com\/fr\/wp-json\/wp\/v2\/categories?post=273953"},{"taxonomy":"post_tag","embeddable":true,"href":"https:\/\/www.europesays.com\/fr\/wp-json\/wp\/v2\/tags?post=273953"}],"curies":[{"name":"wp","href":"https:\/\/api.w.org\/{rel}","templated":true}]}}