{"id":273955,"date":"2025-07-25T23:49:11","date_gmt":"2025-07-25T23:49:11","guid":{"rendered":"https:\/\/www.europesays.com\/fr\/273955\/"},"modified":"2025-07-25T23:49:11","modified_gmt":"2025-07-25T23:49:11","slug":"maxence-taillard-de-vineuil-titre-meilleur-apprenti-de-france-en-taille-de-pierre","status":"publish","type":"post","link":"https:\/\/www.europesays.com\/fr\/273955\/","title":{"rendered":"Maxence Taillard, de Vineuil, titr\u00e9 Meilleur Apprenti de France en taille de pierre"},"content":{"rendered":"<p>La cerise sur le g\u00e2teau. Le titre de Meilleur Apprenti de France vient couronner un cycle exceptionnel pour Maxence Taillard, Vinolien de 17\u00a0ans. Il a d\u00e9croch\u00e9 la m\u00e9daille d\u2019or d\u00e9partementale et r\u00e9gionale, avant que son \u0153uvre ne soit aussi sacr\u00e9e \u00e0 la finale nationale, \u00e0 Strasbourg, fin juin.<\/p>\n<p>Pour r\u00e9pondre au sujet \u2013 le m\u00eame pour chaque \u00e9tape \u2013 le jeune apprenti a d\u00fb fabriquer un ornement sommital de pilier, demandant une certaine technicit\u00e9 notamment sur les retours d\u2019angles. \u00c0 titre indicatif, 40 heures \u00e9taient pr\u00e9conis\u00e9es pour cette r\u00e9alisation sur pierre tendre \u2013 comme le tuffeau utilis\u00e9 par Maxence.<\/p>\n<p>70 heures pour r\u00e9aliser l\u2019\u0153uvre du concours<\/p>\n<p>Lui a mis 70 heures, \u00e0 cause de contretemps. \u00ab\u00a0J\u2019ai fait un voyage Erasmus en Pologne pendant trois semaines. Cela m\u2019a mis en retard, explique-t-il. Et apr\u00e8s, j\u2019ai fait une erreur qui m\u2019a oblig\u00e9 \u00e0 tout recommencer alors que j\u2019avais fini les trois quarts de l\u2019\u0153uvre.\u00a0\u00bb Une \u00e9preuve formatrice qui lui a demand\u00e9 de se remobiliser rapidement pour repartir d\u2019un bloc brut de 44\u00a0cm de long, 48\u00a0cm de haut et 24\u00a0cm de profondeur. S\u2019il a r\u00e9alis\u00e9 le dessin au sein de l\u2019entreprise, il a proc\u00e9d\u00e9 \u00e0 la taille chez ses parents \u00e0 Vineuil, o\u00f9 il a am\u00e9nag\u00e9 un atelier&#8230;. <\/p>\n<p>    Cet article a \u00e9t\u00e9 tronqu\u00e9. Abonnez-vous pour lire l&rsquo;article complet sur notre site.<\/p>\n<p style=\"margin: 0 !important; padding: 0 !important; font-size: 12px !important;\">Cet article a \u00e9t\u00e9 tronqu\u00e9. Abonnez-vous pour lire l&rsquo;article complet.<\/p>\n<p>    <a href=\"https:\/\/www.lanouvellerepublique.fr\/abonnements\" style=\"display: inline-block; margin-top: 5px !important; padding: 6px 12px !important; background: #cb1c27; color: white; text-decoration: none; border-radius: 4px; font-size: 12px !important;\" target=\"_blank\" rel=\"noopener\"><br \/>\n      S&rsquo;abonner<br \/>\n    <\/a><\/p>\n","protected":false},"excerpt":{"rendered":"La cerise sur le g\u00e2teau. Le titre de Meilleur Apprenti de France vient couronner un cycle exceptionnel pour&hellip;\n","protected":false},"author":2,"featured_media":273956,"comment_status":"","ping_status":"","sticky":false,"template":"","format":"standard","meta":{"footnotes":""},"categories":[1358],"tags":[1392,9581,1348,1384,1385,3469,1386,58,33,1057,59,1011,27,4368,10242],"class_list":{"0":"post-273955","1":"post","2":"type-post","3":"status-publish","4":"format-standard","5":"has-post-thumbnail","7":"category-arts-et-design","8":"tag-a-la-une-local","9":"tag-apprentissage","10":"tag-arts","11":"tag-arts-and-design","12":"tag-arts-et-design","13":"tag-blois","14":"tag-design","15":"tag-divertissement","16":"tag-economie","17":"tag-education","18":"tag-entertainment","19":"tag-fr","20":"tag-france","21":"tag-loir-et-cher","22":"tag-vineuil-41"},"share_on_mastodon":{"url":"https:\/\/pubeurope.com\/@fr\/114916554369035683","error":""},"_links":{"self":[{"href":"https:\/\/www.europesays.com\/fr\/wp-json\/wp\/v2\/posts\/273955","targetHints":{"allow":["GET"]}}],"collection":[{"href":"https:\/\/www.europesays.com\/fr\/wp-json\/wp\/v2\/posts"}],"about":[{"href":"https:\/\/www.europesays.com\/fr\/wp-json\/wp\/v2\/types\/post"}],"author":[{"embeddable":true,"href":"https:\/\/www.europesays.com\/fr\/wp-json\/wp\/v2\/users\/2"}],"replies":[{"embeddable":true,"href":"https:\/\/www.europesays.com\/fr\/wp-json\/wp\/v2\/comments?post=273955"}],"version-history":[{"count":0,"href":"https:\/\/www.europesays.com\/fr\/wp-json\/wp\/v2\/posts\/273955\/revisions"}],"wp:featuredmedia":[{"embeddable":true,"href":"https:\/\/www.europesays.com\/fr\/wp-json\/wp\/v2\/media\/273956"}],"wp:attachment":[{"href":"https:\/\/www.europesays.com\/fr\/wp-json\/wp\/v2\/media?parent=273955"}],"wp:term":[{"taxonomy":"category","embeddable":true,"href":"https:\/\/www.europesays.com\/fr\/wp-json\/wp\/v2\/categories?post=273955"},{"taxonomy":"post_tag","embeddable":true,"href":"https:\/\/www.europesays.com\/fr\/wp-json\/wp\/v2\/tags?post=273955"}],"curies":[{"name":"wp","href":"https:\/\/api.w.org\/{rel}","templated":true}]}}