{"id":273957,"date":"2025-07-25T23:50:14","date_gmt":"2025-07-25T23:50:14","guid":{"rendered":"https:\/\/www.europesays.com\/fr\/273957\/"},"modified":"2025-07-25T23:50:14","modified_gmt":"2025-07-25T23:50:14","slug":"poesie-entre-lintimation-et-lintimidation-marina-skalova-donne-voix-a-lintime-feminin","status":"publish","type":"post","link":"https:\/\/www.europesays.com\/fr\/273957\/","title":{"rendered":"Po\u00e9sie. Entre l\u2019intimation et l\u2019intimidation, Marina Skalova donne voix \u00e0 l\u2019intime f\u00e9minin"},"content":{"rendered":"<p class=\"\">\u00abLes femmes doivent r\u00e9pondre de leurs missions naturelles et \u00e0 leur pr\u00e9destination biologique\u00bb, professent d\u2019ancestraux manuels r\u00e9gissant la vie familiale russe. Assignations h\u00e9rit\u00e9es d\u2019o\u00f9 s\u2019\u00e9l\u00e8ve une voix sortie de l\u2019enfance: entre l\u2019intimation et l\u2019intimidation, il y a l\u2019intime, que Marina Skalova tutoie et conjugue au f\u00e9minin dans ce recueil d\u2019une chirurgicale \u00e9loquence.<\/p>\n","protected":false},"excerpt":{"rendered":"\u00abLes femmes doivent r\u00e9pondre de leurs missions naturelles et \u00e0 leur pr\u00e9destination biologique\u00bb, professent d\u2019ancestraux manuels r\u00e9gissant la&hellip;\n","protected":false},"author":2,"featured_media":273958,"comment_status":"","ping_status":"","sticky":false,"template":"","format":"standard","meta":{"footnotes":""},"categories":[1357],"tags":[1379,58,59,1011,27,1351,1380,9228],"class_list":{"0":"post-273957","1":"post","2":"type-post","3":"status-publish","4":"format-standard","5":"has-post-thumbnail","7":"category-livres","8":"tag-books","9":"tag-divertissement","10":"tag-entertainment","11":"tag-fr","12":"tag-france","13":"tag-litterature","14":"tag-livres","15":"tag-poesie"},"share_on_mastodon":{"url":"https:\/\/pubeurope.com\/@fr\/114916558372370838","error":""},"_links":{"self":[{"href":"https:\/\/www.europesays.com\/fr\/wp-json\/wp\/v2\/posts\/273957","targetHints":{"allow":["GET"]}}],"collection":[{"href":"https:\/\/www.europesays.com\/fr\/wp-json\/wp\/v2\/posts"}],"about":[{"href":"https:\/\/www.europesays.com\/fr\/wp-json\/wp\/v2\/types\/post"}],"author":[{"embeddable":true,"href":"https:\/\/www.europesays.com\/fr\/wp-json\/wp\/v2\/users\/2"}],"replies":[{"embeddable":true,"href":"https:\/\/www.europesays.com\/fr\/wp-json\/wp\/v2\/comments?post=273957"}],"version-history":[{"count":0,"href":"https:\/\/www.europesays.com\/fr\/wp-json\/wp\/v2\/posts\/273957\/revisions"}],"wp:featuredmedia":[{"embeddable":true,"href":"https:\/\/www.europesays.com\/fr\/wp-json\/wp\/v2\/media\/273958"}],"wp:attachment":[{"href":"https:\/\/www.europesays.com\/fr\/wp-json\/wp\/v2\/media?parent=273957"}],"wp:term":[{"taxonomy":"category","embeddable":true,"href":"https:\/\/www.europesays.com\/fr\/wp-json\/wp\/v2\/categories?post=273957"},{"taxonomy":"post_tag","embeddable":true,"href":"https:\/\/www.europesays.com\/fr\/wp-json\/wp\/v2\/tags?post=273957"}],"curies":[{"name":"wp","href":"https:\/\/api.w.org\/{rel}","templated":true}]}}